{"id":8058,"date":"2011-03-05T21:12:00","date_gmt":"2011-03-05T20:12:00","guid":{"rendered":""},"modified":"2024-11-12T14:48:41","modified_gmt":"2024-11-12T13:48:41","slug":"un-apunte-sobre-o-censo-de-ribadeo","status":"publish","type":"post","link":"https:\/\/blogs.amarinha.gal\/ribadeando\/2011\/03\/05\/un-apunte-sobre-o-censo-de-ribadeo\/","title":{"rendered":"Un apunte sobre o censo (electoral) de Ribadeo"},"content":{"rendered":"<p><a onblur=\"try {parent.deselectBloggerImageGracefully();} catch(e) {}\" href=\"https:\/\/blogger.googleusercontent.com\/img\/b\/R29vZ2xl\/AVvXsEhnSAUnUQPqBdbXHX0pwr2m9njb-l3uBC4VkaB4TTLmpVZ_wAE9lUdrwprnOVUL76g-scLUSe-ctZUOhR2_JtpdtFnb2YoKNpd96ofXb4C8YDDlQ_2b99reD_bZ5Zt56JpY768ObA\/s2048\/censo+ribadeo+2010.jpg\"><img decoding=\"async\" src=\"https:\/\/blogger.googleusercontent.com\/img\/b\/R29vZ2xl\/AVvXsEhnSAUnUQPqBdbXHX0pwr2m9njb-l3uBC4VkaB4TTLmpVZ_wAE9lUdrwprnOVUL76g-scLUSe-ctZUOhR2_JtpdtFnb2YoKNpd96ofXb4C8YDDlQ_2b99reD_bZ5Zt56JpY768ObA\/s2048\/censo+ribadeo+2010.jpg\" alt=\"\" \/><\/a><br \/>\nO documento a\u00ednda estaba exposto onte no taboeiro de anuncios do concello. Unha pequena curiosidade, a evoluci\u00f3n do censo o pasado ano. Ou a observaci\u00f3n, comparado co <a href=\"http:\/\/ribadeando.blogspot.com\/2011\/02\/preparando-unha-residencia-de-ancians.html\">censo xeral<\/a>, da procentaxe de menores de idade &#8230;<br \/>\nPara ampliar, premer sobre a imaxe.<\/p>\n","protected":false},"excerpt":{"rendered":"<p>O documento a\u00ednda estaba exposto onte no taboeiro de anuncios do concello. Unha pequena curiosidade, a evoluci\u00f3n do censo o pasado ano. Ou a observaci\u00f3n, comparado co censo xeral, da procentaxe de menores de idade &#8230; Para ampliar, premer sobre a imaxe.<\/p>\n","protected":false},"author":3,"featured_media":0,"comment_status":"open","ping_status":"closed","sticky":false,"template":"","format":"standard","meta":{"activitypub_content_warning":"","activitypub_content_visibility":"","activitypub_max_image_attachments":3,"activitypub_interaction_policy_quote":"anyone","activitypub_status":"federate","footnotes":""},"categories":[1],"tags":[9],"class_list":["post-8058","post","type-post","status-publish","format-standard","hentry","category-sen-categoria","tag-sociedade"],"_links":{"self":[{"href":"https:\/\/blogs.amarinha.gal\/ribadeando\/wp-json\/wp\/v2\/posts\/8058","targetHints":{"allow":["GET"]}}],"collection":[{"href":"https:\/\/blogs.amarinha.gal\/ribadeando\/wp-json\/wp\/v2\/posts"}],"about":[{"href":"https:\/\/blogs.amarinha.gal\/ribadeando\/wp-json\/wp\/v2\/types\/post"}],"author":[{"embeddable":true,"href":"https:\/\/blogs.amarinha.gal\/ribadeando\/wp-json\/wp\/v2\/users\/3"}],"replies":[{"embeddable":true,"href":"https:\/\/blogs.amarinha.gal\/ribadeando\/wp-json\/wp\/v2\/comments?post=8058"}],"version-history":[{"count":0,"href":"https:\/\/blogs.amarinha.gal\/ribadeando\/wp-json\/wp\/v2\/posts\/8058\/revisions"}],"wp:attachment":[{"href":"https:\/\/blogs.amarinha.gal\/ribadeando\/wp-json\/wp\/v2\/media?parent=8058"}],"wp:term":[{"taxonomy":"category","embeddable":true,"href":"https:\/\/blogs.amarinha.gal\/ribadeando\/wp-json\/wp\/v2\/categories?post=8058"},{"taxonomy":"post_tag","embeddable":true,"href":"https:\/\/blogs.amarinha.gal\/ribadeando\/wp-json\/wp\/v2\/tags?post=8058"}],"curies":[{"name":"wp","href":"https:\/\/api.w.org\/{rel}","templated":true}]}}