{"id":8056,"date":"2011-03-06T10:22:00","date_gmt":"2011-03-06T09:22:00","guid":{"rendered":""},"modified":"2024-11-12T14:48:39","modified_gmt":"2024-11-12T13:48:39","slug":"en-prol-dunha-residencia-de-maiores","status":"publish","type":"post","link":"https:\/\/blogs.amarinha.gal\/ribadeando\/2011\/03\/06\/en-prol-dunha-residencia-de-maiores\/","title":{"rendered":"En prol dunha residencia de maiores"},"content":{"rendered":"<p><a onblur=\"try {parent.deselectBloggerImageGracefully();} catch(e) {}\" href=\"https:\/\/blogger.googleusercontent.com\/img\/b\/R29vZ2xl\/AVvXsEjezBqnhyphenhyphenDLVrJfWIiRHj_B5fT4hmfZAWFv00h4du4CfkAdL8XCIRE9X0fra7FBvo-396hDf5cZGzdeLFS3DmlSUttgychymM3rk_rPkNGdIBR6Ag5bRP4RkfQeV3R-4J5YM8irPA\/s2048\/presentacion+plaraforma+residencia+rinlo+20110305.jpg\"><img decoding=\"async\" src=\"https:\/\/blogger.googleusercontent.com\/img\/b\/R29vZ2xl\/AVvXsEjezBqnhyphenhyphenDLVrJfWIiRHj_B5fT4hmfZAWFv00h4du4CfkAdL8XCIRE9X0fra7FBvo-396hDf5cZGzdeLFS3DmlSUttgychymM3rk_rPkNGdIBR6Ag5bRP4RkfQeV3R-4J5YM8irPA\/s2048\/presentacion+plaraforma+residencia+rinlo+20110305.jpg\" alt=\"\" \/><\/a><\/p>\n<p>Comezou en Rinlo a <a href=\"http:\/\/ribadeando.blogspot.com\/2011\/02\/preparando-unha-residencia-de-ancians.html\">plataforma pro residencia de maiores<\/a> en Ribadeo a s\u00faa cami\u00f1ata para explicar os comezos do proxecto polas aldeas. Explicouse a x\u00e9nese e as pretensi\u00f3ns, e comezouse a asinar en apoio, segundo a folla de sinaturas que se pode descargar en <a href=\"http:\/\/publicadoenribadeo.wikispaces.com\/Folla+de+recollida+de+sinaturas+en+prol+dunha+residencia+de+anci%C3%A1ns+en+Ribadeo\">publicado en Ribadeo<\/a>, e entregar despois a algu\u00e9n da <a href=\"http:\/\/o-teson.blogspot.com\/2011\/02\/nota-de-prensa-sobre-plataforma-pro.html\">comisi\u00f3n<\/a>, ou asinar en calquera dos locais que se po\u00f1er\u00e1 a disposici\u00f3n (polo momento, e xa nestes d\u00edas pr\u00f3ximos, as farmacias.) O resto da lista (segundo nota de prensa, e exceptuado Ribadeo) ser\u00e1:<br \/>\n7 de marzo, luns, 20:00, escola de Vilasel\u00e1n<br \/>\n9, m\u00e9rcores, 19:30, escola de Vilaframil<br \/>\n13, domingo, 13:00, C\u00edrculo Habanero de A Devesa<br \/>\n20, domingo, 11:00, escola de Remourella<br \/>\n&#8211; 12:30, escola de Arante.<br \/>\n23, m\u00e9rcores, 21:00, teleclub de Couxela<br \/>\n25, venres, 21:30, teleclub de Vilaosende<br \/>\n27, domingo, 11:00, escola de As Anzas<br \/>\n&#8211; 12:00, escola de Cubelas<br \/>\n29, martes, 20:30, escola de Vilela<br \/>\n            &#8211; 21:30, escola de Cedofeita<br \/>\n            &#8211; 22:15,Teleclub de Pi\u00f1eiro<br \/>\n3 de abril, domingo, 12:oo horas, escola de Ove.<br \/>\nF\u00e1igome eco asemade da nota de prensa emitida polo portavoz da comisi\u00f3n en d\u00edas pasados e debida \u00e1 <a href=\"http:\/\/www.lavozdegalicia.es\/amarina\/2011\/03\/04\/0003_201103X4C10993.htm\">suxerencia dun pol\u00edtico local de que a plataforma se presentara \u00e1s elecci\u00f3ns<\/a>:<br \/>\n<span style=\"font-style: italic;\">NOTA DE PRENSA I<\/span><br \/>\n<span style=\"font-style: italic;\">Ante las lamentables manifestaciones del portavoz del PP, Sr. Rodr\u00edguez Andina, hechas ayer en una emisora local y recogidas hoy, d\u00eda 4 de marzo, en la prensa, sobre la sugerencia hecha a la Plataforma pro Residencia de Mayores de que se presenten a las elecciones como \u00fanico medio posible para expresar su representatividad popular, en mi nombre propio y como portavoz de la mencionada Plataforma, debo hacer las siguientes matizaciones al mencionado portavoz del PP:<\/span><br \/>\n<span style=\"font-style: italic;\"> 1\u00ba) Manifestar mi total disconformidad con sus declaraciones por cuanto pretenden ignorar y aun negar el derecho constitucional que tenemos los ciudadanos de poder asociarnos y presentar iniciativas populares, como es el caso presente. <\/span><br \/>\n<span style=\"font-style: italic;\"> 2\u00ba) El respaldo popular que tenga la aspiraci\u00f3n propuesta por la mencionada Plataforma tiene otros cauces distintos de expresarse, aparte de la propuesta hecha por el Sr. Rodr\u00edguez Andina.<\/span><br \/>\n<span style=\"font-style: italic;\"> 3\u00ba) La representatividad pol\u00edtica obtenida en las urnas por los partidos pol\u00edticos no es garant\u00eda, como defiende el portavoz del PP, de eficacia en la soluci\u00f3n de los problemas sociales de Ribadeo. Esa representatividad, de que goz\u00f3 el Sr. Rodr\u00edguez Andina en todos sus a\u00f1os de gestor de los destinos del concejo y aun de los que estuvo en la oposici\u00f3n, aun reconociendo esta necesidad social, no sirvi\u00f3 en absoluto para hacer una sola propuesta para resolver el problema de la necesidad de una nueva Residencia para Mayores en Ribadeo.<\/span><br \/>\n<span style=\"font-style: italic;\"> 4\u00aa) La mencionada Plataforma ya tiene manifestado que, ni pretende entrar en el juego pol\u00edtico y apoyar pretensiones pol\u00edticas concretas. \u00danicamente intentar la unanimidad entre todos los partidos para que, junto con el pueblo y gozando de su apoyo, se tomen como una prioridad inexcusable la construcci\u00f3n urgente de una nueva Residencia de Mayores, a fin de evitar la constante emigraci\u00f3n de nuestros vecinos para pasar sus \u00faltimos d\u00edas alejados de su tierra, de sus vecinos y de sus seres queridos.<\/span><\/p>\n","protected":false},"excerpt":{"rendered":"<p>Comezou en Rinlo a plataforma pro residencia de maiores en Ribadeo a s\u00faa cami\u00f1ata para explicar os comezos do proxecto polas aldeas. Explicouse a x\u00e9nese e as pretensi\u00f3ns, e comezouse a asinar en apoio, segundo a folla de sinaturas que se pode descargar en publicado en Ribadeo, e entregar despois a algu\u00e9n da comisi\u00f3n, ou [&hellip;]<\/p>\n","protected":false},"author":3,"featured_media":0,"comment_status":"open","ping_status":"closed","sticky":false,"template":"","format":"standard","meta":{"activitypub_content_warning":"","activitypub_content_visibility":"","activitypub_max_image_attachments":3,"activitypub_interaction_policy_quote":"anyone","activitypub_status":"federated","footnotes":""},"categories":[1],"tags":[9],"class_list":["post-8056","post","type-post","status-publish","format-standard","hentry","category-sen-categoria","tag-sociedade"],"_links":{"self":[{"href":"https:\/\/blogs.amarinha.gal\/ribadeando\/wp-json\/wp\/v2\/posts\/8056","targetHints":{"allow":["GET"]}}],"collection":[{"href":"https:\/\/blogs.amarinha.gal\/ribadeando\/wp-json\/wp\/v2\/posts"}],"about":[{"href":"https:\/\/blogs.amarinha.gal\/ribadeando\/wp-json\/wp\/v2\/types\/post"}],"author":[{"embeddable":true,"href":"https:\/\/blogs.amarinha.gal\/ribadeando\/wp-json\/wp\/v2\/users\/3"}],"replies":[{"embeddable":true,"href":"https:\/\/blogs.amarinha.gal\/ribadeando\/wp-json\/wp\/v2\/comments?post=8056"}],"version-history":[{"count":0,"href":"https:\/\/blogs.amarinha.gal\/ribadeando\/wp-json\/wp\/v2\/posts\/8056\/revisions"}],"wp:attachment":[{"href":"https:\/\/blogs.amarinha.gal\/ribadeando\/wp-json\/wp\/v2\/media?parent=8056"}],"wp:term":[{"taxonomy":"category","embeddable":true,"href":"https:\/\/blogs.amarinha.gal\/ribadeando\/wp-json\/wp\/v2\/categories?post=8056"},{"taxonomy":"post_tag","embeddable":true,"href":"https:\/\/blogs.amarinha.gal\/ribadeando\/wp-json\/wp\/v2\/tags?post=8056"}],"curies":[{"name":"wp","href":"https:\/\/api.w.org\/{rel}","templated":true}]}}