{"id":8054,"date":"2011-03-08T14:45:00","date_gmt":"2011-03-08T13:45:00","guid":{"rendered":""},"modified":"2024-11-12T14:48:35","modified_gmt":"2024-11-12T13:48:35","slug":"8-de-marzo","status":"publish","type":"post","link":"https:\/\/blogs.amarinha.gal\/ribadeando\/2011\/03\/08\/8-de-marzo\/","title":{"rendered":"8 de marzo"},"content":{"rendered":"<p><span>&nbsp;&nbsp; &nbsp;<\/span>Tradicionalmente dende hai tempo o d\u00eda de hoxe est\u00e1 dicado \u00e1 muller. Segundo a fonte consultada, a denominaci\u00f3n do d\u00eda incl\u00fae o termo &#8216;traballadora&#8217; e\/ou &#8216;internacional&#8217;.<br \/>\n<span>&nbsp;&nbsp; &nbsp;<\/span>Por cousas do calendario de celebraci\u00f3ns relixiosas, no d\u00eda de hoxe tam\u00e9n coincide este ano o martes de antroido.<br \/>\n<span>&nbsp;&nbsp; &nbsp;<\/span>O anterior non implica nada en boa parte do mundo. Pero si por estes lares. Hai xa cousa dun par de semanas que polas r\u00edas baixas houbo un rifirrafe a conta de ser inclu\u00eddo como de antroido un acto do d\u00eda da muller. E \u00e9 que m\u00e1s dun \/unha pretender\u00e1 tomar a coincidencia de data \u00f3 p\u00e9 da letra e tomar a antroidada o apoio \u00e1 muller. En Ribadeo, un acto de entrega que estaba previsto para hoxe foi cambiado para xoves (ver e ampliar imaxe tomada dunha lista de distribuci\u00f3n)<br \/>\n<span>&nbsp;&nbsp; &nbsp;<\/span>Poder\u00eda discutirse sobre o traslado, ou sobre a preeminencia dunha festa a mercede do calendario, pero de raigame secuar, sobre unha celebraci\u00f3n a d\u00eda fixo pero que a\u00ednda non calou como para conseguir uns obxectivos, entre outras cousas. <span>&nbsp;&nbsp; &nbsp;<\/span>O caso \u00e9 que a muller quedou desprazada polo antroido. Estamos no antroido, e &#8230; non no <a href=\"http:\/\/www.ribadeo.org\/actualidade\/nova.php?id=698&amp;lg=gal\">d\u00eda da muller<\/a>?<\/p>\n<p><a href=\"https:\/\/blogger.googleusercontent.com\/img\/b\/R29vZ2xl\/AVvXsEjZkBE6CIMOI6D5RiPxq_AHHkhEx7OodxjF0JZoJ46XxanlW0DM03tPz-MW2-wHWDJFxdwmML_avcfZIijlnhvdGo5Bz3yMWfo3UGWdLajUbB0cP2U2w2hsV-EiZUIY9UM6uRgQ4w\/s2048\/20110310+convite+dia+muller2.jpg\" onblur=\"try {parent.deselectBloggerImageGracefully();} catch(e) {}\"><img loading=\"lazy\" decoding=\"async\" alt=\"\" height=\"320\" src=\"https:\/\/blogger.googleusercontent.com\/img\/b\/R29vZ2xl\/AVvXsEjZkBE6CIMOI6D5RiPxq_AHHkhEx7OodxjF0JZoJ46XxanlW0DM03tPz-MW2-wHWDJFxdwmML_avcfZIijlnhvdGo5Bz3yMWfo3UGWdLajUbB0cP2U2w2hsV-EiZUIY9UM6uRgQ4w\/s2048\/20110310+convite+dia+muller2.jpg\" width=\"640\" \/><\/a><\/p>\n","protected":false},"excerpt":{"rendered":"<p>&nbsp;&nbsp; &nbsp;Tradicionalmente dende hai tempo o d\u00eda de hoxe est\u00e1 dicado \u00e1 muller. Segundo a fonte consultada, a denominaci\u00f3n do d\u00eda incl\u00fae o termo &#8216;traballadora&#8217; e\/ou &#8216;internacional&#8217;. &nbsp;&nbsp; &nbsp;Por cousas do calendario de celebraci\u00f3ns relixiosas, no d\u00eda de hoxe tam\u00e9n coincide este ano o martes de antroido. &nbsp;&nbsp; &nbsp;O anterior non implica nada en boa [&hellip;]<\/p>\n","protected":false},"author":3,"featured_media":0,"comment_status":"open","ping_status":"closed","sticky":false,"template":"","format":"standard","meta":{"activitypub_content_warning":"","activitypub_content_visibility":"","activitypub_max_image_attachments":3,"activitypub_interaction_policy_quote":"anyone","activitypub_status":"federated","footnotes":""},"categories":[1],"tags":[32,9],"class_list":["post-8054","post","type-post","status-publish","format-standard","hentry","category-sen-categoria","tag-filosofia","tag-sociedade"],"_links":{"self":[{"href":"https:\/\/blogs.amarinha.gal\/ribadeando\/wp-json\/wp\/v2\/posts\/8054","targetHints":{"allow":["GET"]}}],"collection":[{"href":"https:\/\/blogs.amarinha.gal\/ribadeando\/wp-json\/wp\/v2\/posts"}],"about":[{"href":"https:\/\/blogs.amarinha.gal\/ribadeando\/wp-json\/wp\/v2\/types\/post"}],"author":[{"embeddable":true,"href":"https:\/\/blogs.amarinha.gal\/ribadeando\/wp-json\/wp\/v2\/users\/3"}],"replies":[{"embeddable":true,"href":"https:\/\/blogs.amarinha.gal\/ribadeando\/wp-json\/wp\/v2\/comments?post=8054"}],"version-history":[{"count":0,"href":"https:\/\/blogs.amarinha.gal\/ribadeando\/wp-json\/wp\/v2\/posts\/8054\/revisions"}],"wp:attachment":[{"href":"https:\/\/blogs.amarinha.gal\/ribadeando\/wp-json\/wp\/v2\/media?parent=8054"}],"wp:term":[{"taxonomy":"category","embeddable":true,"href":"https:\/\/blogs.amarinha.gal\/ribadeando\/wp-json\/wp\/v2\/categories?post=8054"},{"taxonomy":"post_tag","embeddable":true,"href":"https:\/\/blogs.amarinha.gal\/ribadeando\/wp-json\/wp\/v2\/tags?post=8054"}],"curies":[{"name":"wp","href":"https:\/\/api.w.org\/{rel}","templated":true}]}}