{"id":8048,"date":"2011-03-12T19:45:00","date_gmt":"2011-03-12T18:45:00","guid":{"rendered":""},"modified":"2024-11-12T14:48:26","modified_gmt":"2024-11-12T13:48:26","slug":"queima-do-antroido-pasada-por-auga","status":"publish","type":"post","link":"https:\/\/blogs.amarinha.gal\/ribadeando\/2011\/03\/12\/queima-do-antroido-pasada-por-auga\/","title":{"rendered":"Queima do antroido pasada por auga"},"content":{"rendered":"<p><a onblur=\"try {parent.deselectBloggerImageGracefully();} catch(e) {}\" href=\"https:\/\/blogger.googleusercontent.com\/img\/b\/R29vZ2xl\/AVvXsEioCU4NhSuCH3UvPIygJ8nwodzE8VQM6vg5IrSnp4eStEAHjh5f0YzKF8YZI_kElRCLL2HpmAQpwnzeH9QXbhL20OvhnSqIPGZKyI8g2_PTr-xWfu83PL3fvOU5mN1B5PM5El6XPQ\/s2048\/boneco+antroido.jpg\"><img decoding=\"async\" src=\"https:\/\/blogger.googleusercontent.com\/img\/b\/R29vZ2xl\/AVvXsEioCU4NhSuCH3UvPIygJ8nwodzE8VQM6vg5IrSnp4eStEAHjh5f0YzKF8YZI_kElRCLL2HpmAQpwnzeH9QXbhL20OvhnSqIPGZKyI8g2_PTr-xWfu83PL3fvOU5mN1B5PM5El6XPQ\/s2048\/boneco+antroido.jpg\" alt=\"\" \/><\/a><br \/>\nMinutos antes do que ter\u00eda que ser a quema do antroido, deixa de chover. O antroido est\u00e1 empapado. En lembranza, unha foto desta ma\u00f1\u00e1, co boneco m\u00e1is ou menos seco no campo \u00e1 beira da estaci\u00f3n de autobuses.<br \/>\nQueimarase hoxe?<\/p>\n","protected":false},"excerpt":{"rendered":"<p>Minutos antes do que ter\u00eda que ser a quema do antroido, deixa de chover. O antroido est\u00e1 empapado. En lembranza, unha foto desta ma\u00f1\u00e1, co boneco m\u00e1is ou menos seco no campo \u00e1 beira da estaci\u00f3n de autobuses. Queimarase hoxe?<\/p>\n","protected":false},"author":3,"featured_media":0,"comment_status":"open","ping_status":"closed","sticky":false,"template":"","format":"standard","meta":{"activitypub_content_warning":"","activitypub_content_visibility":"","activitypub_max_image_attachments":3,"activitypub_interaction_policy_quote":"anyone","activitypub_status":"federated","footnotes":""},"categories":[1],"tags":[9],"class_list":["post-8048","post","type-post","status-publish","format-standard","hentry","category-sen-categoria","tag-sociedade"],"_links":{"self":[{"href":"https:\/\/blogs.amarinha.gal\/ribadeando\/wp-json\/wp\/v2\/posts\/8048","targetHints":{"allow":["GET"]}}],"collection":[{"href":"https:\/\/blogs.amarinha.gal\/ribadeando\/wp-json\/wp\/v2\/posts"}],"about":[{"href":"https:\/\/blogs.amarinha.gal\/ribadeando\/wp-json\/wp\/v2\/types\/post"}],"author":[{"embeddable":true,"href":"https:\/\/blogs.amarinha.gal\/ribadeando\/wp-json\/wp\/v2\/users\/3"}],"replies":[{"embeddable":true,"href":"https:\/\/blogs.amarinha.gal\/ribadeando\/wp-json\/wp\/v2\/comments?post=8048"}],"version-history":[{"count":0,"href":"https:\/\/blogs.amarinha.gal\/ribadeando\/wp-json\/wp\/v2\/posts\/8048\/revisions"}],"wp:attachment":[{"href":"https:\/\/blogs.amarinha.gal\/ribadeando\/wp-json\/wp\/v2\/media?parent=8048"}],"wp:term":[{"taxonomy":"category","embeddable":true,"href":"https:\/\/blogs.amarinha.gal\/ribadeando\/wp-json\/wp\/v2\/categories?post=8048"},{"taxonomy":"post_tag","embeddable":true,"href":"https:\/\/blogs.amarinha.gal\/ribadeando\/wp-json\/wp\/v2\/tags?post=8048"}],"curies":[{"name":"wp","href":"https:\/\/api.w.org\/{rel}","templated":true}]}}