{"id":8046,"date":"2011-03-13T09:53:00","date_gmt":"2011-03-13T08:53:00","guid":{"rendered":""},"modified":"2024-11-12T14:48:24","modified_gmt":"2024-11-12T13:48:24","slug":"un-novo-paseo","status":"publish","type":"post","link":"https:\/\/blogs.amarinha.gal\/ribadeando\/2011\/03\/13\/un-novo-paseo\/","title":{"rendered":"Un novo paseo"},"content":{"rendered":"<p><a onblur=\"try {parent.deselectBloggerImageGracefully();} catch(e) {}\" href=\"https:\/\/blogger.googleusercontent.com\/img\/b\/R29vZ2xl\/AVvXsEh4YDfcigZgW23uaTXaVFMp5od7upIP3nvDDbQJTpcss_xntoC08V0FnpZ4u3H8Ps6M1x3qV00L6KN3AEHIM7JymZP1LSdjdQ5EEgSds2WFiunoOQAs-hB6xEN0ZNUIo5jG-8nXnw\/s2048\/plano+cami%25C3%25B1o+aceas.jpg\"><img decoding=\"async\" src=\"https:\/\/blogger.googleusercontent.com\/img\/b\/R29vZ2xl\/AVvXsEh4YDfcigZgW23uaTXaVFMp5od7upIP3nvDDbQJTpcss_xntoC08V0FnpZ4u3H8Ps6M1x3qV00L6KN3AEHIM7JymZP1LSdjdQ5EEgSds2WFiunoOQAs-hB6xEN0ZNUIo5jG-8nXnw\/s2048\/plano+cami%25C3%25B1o+aceas.jpg\" alt=\"\" \/><\/a><br \/>\n<a onblur=\"try {parent.deselectBloggerImageGracefully();} catch(e) {}\" href=\"https:\/\/blogger.googleusercontent.com\/img\/b\/R29vZ2xl\/AVvXsEhJnsGDlh_EjSbJjIaeNFGuSDQ7Xh6K42PURI0mVsb4f1jOkSM0KBIvXblqkSvTkM3jnGzn6K0GiVnFWVMaOE6QF7ZUdVjVsLPcELTIGk-7-Kag9lG3db3nrQPBxIAkGH7K1wTB0Q\/s2048\/paseo+aceas+6.jpg\"><img decoding=\"async\" src=\"https:\/\/blogger.googleusercontent.com\/img\/b\/R29vZ2xl\/AVvXsEhJnsGDlh_EjSbJjIaeNFGuSDQ7Xh6K42PURI0mVsb4f1jOkSM0KBIvXblqkSvTkM3jnGzn6K0GiVnFWVMaOE6QF7ZUdVjVsLPcELTIGk-7-Kag9lG3db3nrQPBxIAkGH7K1wTB0Q\/s2048\/paseo+aceas+6.jpg\" alt=\"\" \/><\/a>As da beira son algunhas fotos das que remato de cargar en Flickr sobre o Paseo das Aceas que se est\u00e1 a facer dende os bloques (poden verse a partir de <a href=\"http:\/\/www.flickr.com\/photos\/38183746@N04\/5522245228\/in\/photostream\/\">aqu\u00ed<\/a>).<br \/>\nComeza nos bloques, onde se est\u00e1n a facer varias reformas: novos edificios en troques dos vellos, saneamento da antiga rraseira de edificios, eliminaci\u00f3n da rampla con escaleiras e adecuaci\u00f3n da vella para coches, recheo da zona comida polo mar, remodelaci\u00f3n do paseo, retoque da escolleira, &#8230; Segue logo pola beira da Vila Vella, onde de carreiro pasa a paseo.<br \/>\n<a onblur=\"try {parent.deselectBloggerImageGracefully();} catch(e) {}\" href=\"https:\/\/blogger.googleusercontent.com\/img\/b\/R29vZ2xl\/AVvXsEiTKhYDGRjgrBFLBxAyaytmeMCHlzlv-7P8wIafJq_uBJXmhhAcn0Y6HEtukC0TRZUtFfKHxULOp4oG_MARnTmL7PebEGSv-wYoukpxSzxdHWIi9E-nqXCgzYpDkMjZhxrGtJ6-GQ\/s2048\/paseo+aceas+06.jpg\"><img decoding=\"async\" src=\"https:\/\/blogger.googleusercontent.com\/img\/b\/R29vZ2xl\/AVvXsEiTKhYDGRjgrBFLBxAyaytmeMCHlzlv-7P8wIafJq_uBJXmhhAcn0Y6HEtukC0TRZUtFfKHxULOp4oG_MARnTmL7PebEGSv-wYoukpxSzxdHWIi9E-nqXCgzYpDkMjZhxrGtJ6-GQ\/s2048\/paseo+aceas+06.jpg\" alt=\"\" \/><\/a><br \/>\n<a onblur=\"try {parent.deselectBloggerImageGracefully();} catch(e) {}\" href=\"https:\/\/blogger.googleusercontent.com\/img\/b\/R29vZ2xl\/AVvXsEgUt3DjTVg4U2K18gHVy2hCQM9diNyNg5k6Q1Pu9tk6AiR3qxAtTDdbUJNOtCPz01ABdqEane3gZfmC9-B4Iwpj3-5C54WWpkld2kDkiyA5hiAAY9ap6SgksHCtiCSIx3-7aduR_g\/s2048\/paseo+aceas+7.jpg\"><img decoding=\"async\" src=\"https:\/\/blogger.googleusercontent.com\/img\/b\/R29vZ2xl\/AVvXsEgUt3DjTVg4U2K18gHVy2hCQM9diNyNg5k6Q1Pu9tk6AiR3qxAtTDdbUJNOtCPz01ABdqEane3gZfmC9-B4Iwpj3-5C54WWpkld2kDkiyA5hiAAY9ap6SgksHCtiCSIx3-7aduR_g\/s2048\/paseo+aceas+7.jpg\" alt=\"\" \/><\/a>Na propia zona de asteleiro da Vila Vella f\u00edxose paseo e adecouse,  pasando as naves do asteleiro a ser eliminadas e dispo\u00f1endo unha nova  construcci\u00f3n. De al\u00ed \u00e1 f\u00e1brica de alxinatos, paseo. A f\u00e1brica est\u00e1 a sofrer unha remodelaci\u00f3n completa, dende o edificio principal \u00f3 que foi durante moito tempo cobertizos, ou patio, ou dep\u00f3sitos. De al\u00f3 o paseo cruza o rego e ascende \u00e1 beira da estrada, deixando \u00e1 beira \u00f3 cami\u00f1o de baixada \u00e1 punta do Costal, que segue a ter polo momento diversos tipos lixo, comezando por un pecio en d\u00faas partes.<br \/>\n<a onblur=\"try {parent.deselectBloggerImageGracefully();} catch(e) {}\" href=\"https:\/\/blogger.googleusercontent.com\/img\/b\/R29vZ2xl\/AVvXsEg-9Exgq4bbu1AIFqRAi9QMQPRbt3iBQu5YnLRvnm5itFydCsfQYxMy-Zf5ZPjwnBZkBH1krp6YxZrPNsBuOHEUn4tHRKfCWCZo4aS0n49G1w_IYgoV_IMCt-3l2WDekOJSvZ4kvg\/s2048\/paseo+aceas+8.jpg\"><img decoding=\"async\" src=\"https:\/\/blogger.googleusercontent.com\/img\/b\/R29vZ2xl\/AVvXsEg-9Exgq4bbu1AIFqRAi9QMQPRbt3iBQu5YnLRvnm5itFydCsfQYxMy-Zf5ZPjwnBZkBH1krp6YxZrPNsBuOHEUn4tHRKfCWCZo4aS0n49G1w_IYgoV_IMCt-3l2WDekOJSvZ4kvg\/s2048\/paseo+aceas+8.jpg\" alt=\"\" \/><\/a>Esta \u00e9 a zona que vai m\u00e1is retrasada, non tendo feito a\u00ednda o cami\u00f1o en varios lugares, antes e despois da baixada \u00e1 r\u00eda na punta do Costal. Seguindo at\u00f3pase de novo o cami\u00f1o xa feito (nalgures a\u00ednda sen rematar) e baixa a mediltura para seguir entre eucaliptus e ag\u00fan resto de flota aut\u00f3ctna ata a entrada da Enseada das Aceas,  onde est unha das partes principais da obra, a barra e os mu\u00ed\u00f1os, a conducci\u00f3n de auga do rego e os pasos de auga mareal.<\/p>\n<p><a onblur=\"try {parent.deselectBloggerImageGracefully();} catch(e) {}\" href=\"https:\/\/blogger.googleusercontent.com\/img\/b\/R29vZ2xl\/AVvXsEiD_JZ2Xct8qrQvfWDBI7BBatsS1JZU5roGocXShoeFWv_nVS80rJzPBGScicSLm-VU2UtDMJkpXxbHDjA9MverA7n6IbyA92sCT6HzuSwZPjpkewIWv8VPOQumUNA5rVBjO-z31w\/s2048\/paseo+aceas+9.jpg\"><img decoding=\"async\" src=\"https:\/\/blogger.googleusercontent.com\/img\/b\/R29vZ2xl\/AVvXsEiD_JZ2Xct8qrQvfWDBI7BBatsS1JZU5roGocXShoeFWv_nVS80rJzPBGScicSLm-VU2UtDMJkpXxbHDjA9MverA7n6IbyA92sCT6HzuSwZPjpkewIWv8VPOQumUNA5rVBjO-z31w\/s2048\/paseo+aceas+9.jpg\" alt=\"\" \/><\/a>Ti\u00f1a idea de que \u00edan deixar un mu\u00ed\u00f1o acristalado para ver o interior,  pero parece que non vai a ser as\u00ed, como se pode ver nas fotos.<br \/>\nO paseo  presta. A composici\u00f3n a partir das imaxes do Sigpac que deixo \u00f3 comezo da unha idea do cami\u00f1o (os Bloques, na parte superior da imaxe, as Aceas, na inferior) \u00f3 longo dos aproximadamente dous km de percorrido (algo m\u00e1is se se colle como tal a barra das Aceas)<\/p>\n","protected":false},"excerpt":{"rendered":"<p>As da beira son algunhas fotos das que remato de cargar en Flickr sobre o Paseo das Aceas que se est\u00e1 a facer dende os bloques (poden verse a partir de aqu\u00ed). Comeza nos bloques, onde se est\u00e1n a facer varias reformas: novos edificios en troques dos vellos, saneamento da antiga rraseira de edificios, eliminaci\u00f3n [&hellip;]<\/p>\n","protected":false},"author":3,"featured_media":0,"comment_status":"open","ping_status":"closed","sticky":false,"template":"","format":"standard","meta":{"activitypub_content_warning":"","activitypub_content_visibility":"","activitypub_max_image_attachments":3,"activitypub_interaction_policy_quote":"anyone","activitypub_status":"federated","footnotes":""},"categories":[1],"tags":[57,9],"class_list":["post-8046","post","type-post","status-publish","format-standard","hentry","category-sen-categoria","tag-fotos-ria-de-ribadeo","tag-sociedade"],"_links":{"self":[{"href":"https:\/\/blogs.amarinha.gal\/ribadeando\/wp-json\/wp\/v2\/posts\/8046","targetHints":{"allow":["GET"]}}],"collection":[{"href":"https:\/\/blogs.amarinha.gal\/ribadeando\/wp-json\/wp\/v2\/posts"}],"about":[{"href":"https:\/\/blogs.amarinha.gal\/ribadeando\/wp-json\/wp\/v2\/types\/post"}],"author":[{"embeddable":true,"href":"https:\/\/blogs.amarinha.gal\/ribadeando\/wp-json\/wp\/v2\/users\/3"}],"replies":[{"embeddable":true,"href":"https:\/\/blogs.amarinha.gal\/ribadeando\/wp-json\/wp\/v2\/comments?post=8046"}],"version-history":[{"count":0,"href":"https:\/\/blogs.amarinha.gal\/ribadeando\/wp-json\/wp\/v2\/posts\/8046\/revisions"}],"wp:attachment":[{"href":"https:\/\/blogs.amarinha.gal\/ribadeando\/wp-json\/wp\/v2\/media?parent=8046"}],"wp:term":[{"taxonomy":"category","embeddable":true,"href":"https:\/\/blogs.amarinha.gal\/ribadeando\/wp-json\/wp\/v2\/categories?post=8046"},{"taxonomy":"post_tag","embeddable":true,"href":"https:\/\/blogs.amarinha.gal\/ribadeando\/wp-json\/wp\/v2\/tags?post=8046"}],"curies":[{"name":"wp","href":"https:\/\/api.w.org\/{rel}","templated":true}]}}