{"id":8042,"date":"2011-03-16T07:21:00","date_gmt":"2011-03-16T06:21:00","guid":{"rendered":""},"modified":"2024-11-12T14:48:17","modified_gmt":"2024-11-12T13:48:17","slug":"dous-anos-de-diferencia-duas-veces-o","status":"publish","type":"post","link":"https:\/\/blogs.amarinha.gal\/ribadeando\/2011\/03\/16\/dous-anos-de-diferencia-duas-veces-o\/","title":{"rendered":"Dous anos de diferencia, d\u00faas veces o mesmo anuncio"},"content":{"rendered":"<p>Hai dous anos o tema do hospital da costa estaba abondo m\u00e1is movido. Dous anos serven tam\u00e9n para temperar. E para ver o grao de cumprimento. Hai dous anos, no 2009 (se ben m\u00e1is avanzado que o que vai deste 2011, na festa da faba de Lourenz\u00e1), o Presidente Feij\u00f3o dixo: \u00ab<a href=\"http:\/\/www.lavozdegalicia.es\/amarina\/2011\/03\/16\/0003_201103X16C7993.htm\">Hai o compromiso de incrementar os servizos do hospital de Burela, un dos que temos que reforzar<\/a>\u00bb. Agora volve repetilo, sen telo feito antes nin ter indicios de que se comece polo momento: \u00ab<a href=\"http:\/\/www.lavozdegalicia.es\/amarina\/2011\/03\/16\/0003_201103X16C7994.htm\">tam\u00e9n est\u00e1 na axenda do Goberno a reforma e renovaci\u00f3n do Complexo Hospitalario de Ourense, do Hospital da Costa e do Hospital do Saln\u00e9s<\/a>\u00bb.<br \/>\nHai diferenzas? Si, m\u00e1is dunha: agora xa non \u00e9 a primeira vez que o afirma (que indicar\u00eda que m\u00e1is probabilidades de que se cumprira a afirmaci\u00f3n &#8230;), vai pasado medio mandato (co que certamente lle queda menos tempo e \u00e9 menos crible), est\u00e1 sen\u00f3n desactivada a plataforma, si ao menos con menor creto, participaci\u00f3n e visibilidade, e agora a afirmaci\u00f3n vai dilu\u00edda entre outros traballos, en troques da afirmaci\u00f3n en destaque de hai dous anos. Melloramos? Coido que non.<br \/>\nE, polo dem\u00e1is, est\u00e1 mellor o hospital que daquela? Coma sempre, hai contradicci\u00f3ns, pero m\u00e1is ben arredor de se empeoraron as cousas ou non&#8230;<br \/>\nSobre o tema, entre outros:<br \/>\n<a href=\"http:\/\/ribadeando.blogspot.com\/2009\/12\/un-artigo-sobre-sanidade-que-pasa-na.html\">Un artigo sobre sanidade<\/a><br \/>\n<a href=\"http:\/\/ribadeando.blogspot.com\/2010\/06\/para-dicir-non-o-ambulatorio-de-burela.html\">Para dicir non \u00f3 ambulatorio de Burela<\/a><br \/>\n<a href=\"http:\/\/ribadeando.blogspot.com\/2010\/06\/o-prometido-e-debeda.html\">O prometido \u00e9 d\u00e9beda<\/a><br \/>\n<a href=\"http:\/\/ribadeando.blogspot.com\/2009\/10\/xuntanzas-sobre-area-sanitaria-da.html\">Xuntanzas sobre a \u00e1rea sanitaria da Mari\u00f1a<\/a><br \/>\n<a href=\"http:\/\/ribadeando.blogspot.com\/2009\/10\/nota-de-prensa-da-plataforma-en-defensa.html\">Nota de prensa da plataforma sanitaria<\/a><br \/>\n<a href=\"http:\/\/ribadeando.blogspot.com\/2008\/10\/de-enfermidade.html\">De enfermidade<\/a><br \/>\n<a href=\"http:\/\/ribadeando.blogspot.com\/2009\/10\/por-via-dos-feitos-hospital-desfeito.html\">Por v\u00eda dos feitos, hospital desfeito<\/a><br \/>\n<a href=\"http:\/\/ribadeando.blogspot.com\/2008\/12\/nota-de-prensa-de-o-teson.html\">Nota de prensa de O Tes\u00f3n<\/a><br \/>\n<a href=\"http:\/\/ribadeando.blogspot.com\/2008\/09\/primeiro-o-alonxamento-despois-o.html\">Primeiro o alonxamento, despois o retraso (cando o problema era quedarse sen representaci\u00f3n no hospital en favor de Lugo en troques de directamente sen hospital)<\/a><\/p>\n<p><a href=\"http:\/\/ribadeando.blogspot.com\/2010\/06\/o-2-da-poboacion-manifestacion.html\">O 2% da poboaci\u00f3n, \u00e1 manifestaci\u00f3n<\/a><\/p>\n","protected":false},"excerpt":{"rendered":"<p>Hai dous anos o tema do hospital da costa estaba abondo m\u00e1is movido. Dous anos serven tam\u00e9n para temperar. E para ver o grao de cumprimento. Hai dous anos, no 2009 (se ben m\u00e1is avanzado que o que vai deste 2011, na festa da faba de Lourenz\u00e1), o Presidente Feij\u00f3o dixo: \u00abHai o compromiso de [&hellip;]<\/p>\n","protected":false},"author":3,"featured_media":0,"comment_status":"open","ping_status":"closed","sticky":false,"template":"","format":"standard","meta":{"activitypub_content_warning":"","activitypub_content_visibility":"","activitypub_max_image_attachments":3,"activitypub_interaction_policy_quote":"anyone","activitypub_status":"federated","footnotes":""},"categories":[1],"tags":[74,9],"class_list":["post-8042","post","type-post","status-publish","format-standard","hentry","category-sen-categoria","tag-o-teson","tag-sociedade"],"_links":{"self":[{"href":"https:\/\/blogs.amarinha.gal\/ribadeando\/wp-json\/wp\/v2\/posts\/8042","targetHints":{"allow":["GET"]}}],"collection":[{"href":"https:\/\/blogs.amarinha.gal\/ribadeando\/wp-json\/wp\/v2\/posts"}],"about":[{"href":"https:\/\/blogs.amarinha.gal\/ribadeando\/wp-json\/wp\/v2\/types\/post"}],"author":[{"embeddable":true,"href":"https:\/\/blogs.amarinha.gal\/ribadeando\/wp-json\/wp\/v2\/users\/3"}],"replies":[{"embeddable":true,"href":"https:\/\/blogs.amarinha.gal\/ribadeando\/wp-json\/wp\/v2\/comments?post=8042"}],"version-history":[{"count":0,"href":"https:\/\/blogs.amarinha.gal\/ribadeando\/wp-json\/wp\/v2\/posts\/8042\/revisions"}],"wp:attachment":[{"href":"https:\/\/blogs.amarinha.gal\/ribadeando\/wp-json\/wp\/v2\/media?parent=8042"}],"wp:term":[{"taxonomy":"category","embeddable":true,"href":"https:\/\/blogs.amarinha.gal\/ribadeando\/wp-json\/wp\/v2\/categories?post=8042"},{"taxonomy":"post_tag","embeddable":true,"href":"https:\/\/blogs.amarinha.gal\/ribadeando\/wp-json\/wp\/v2\/tags?post=8042"}],"curies":[{"name":"wp","href":"https:\/\/api.w.org\/{rel}","templated":true}]}}