{"id":8037,"date":"2011-03-19T13:12:00","date_gmt":"2011-03-19T12:12:00","guid":{"rendered":""},"modified":"2024-11-12T14:48:04","modified_gmt":"2024-11-12T13:48:04","slug":"preguntas-o-pleno-de-20110321","status":"publish","type":"post","link":"https:\/\/blogs.amarinha.gal\/ribadeando\/2011\/03\/19\/preguntas-o-pleno-de-20110321\/","title":{"rendered":"Preguntas \u00f3 pleno de 20110321"},"content":{"rendered":"<p>A AVV O Tes\u00f3n ten pasado unha nota de prensa \u00f3s medios indicando que presenta para este luns as seguintes preguntas no pleno (a m\u00e1is das d\u00faas que a\u00ednda ten sen contestar dende hai catro meses):<br \/>\n1.Tendo sido enviadas unha morea de sinaturas a Madrid en petici\u00f3n do retorno do xulgado a Ribadeo, acto para o que se chamou a representantes dos partidos pol\u00edticos e no que se falou do apoio do concello, solicitamos co\u00f1ecer se se fixo algo por parte do pleno ou do concello en xeral para apoiar dita petici\u00f3n, as\u00ed como o co\u00f1ecemento de calquera nova sobre o tema e, se hai previsto un ama\u00f1o do edificio que presta acubillo \u00e1s oficinas xudiciais actuais.<br \/>\n2.Tendo recibido queixas de que mentras se ten normalizado o pago de cotas no mercado \u00e1 xente que se sit\u00faa tradicionalmente nel, hai novos colectivos que non aboan cota e instalan pequenos tenderetes, solicitamos co\u00f1ecer se se te\u00f1en tomado medidas para evitar dita discriminaci\u00f3n.<br \/>\n3.Tendo xurdido nos medios a nova da existencia dunha nova comisi\u00f3n de festas \u00f3 tempo que alg\u00fan representante da anterior comunica que segue a existir e que est\u00e1 legalizada, en contra do que ocorre coa nova, solicitamos co\u00f1ecer a situaci\u00f3n dende o concello.<\/p>\n","protected":false},"excerpt":{"rendered":"<p>A AVV O Tes\u00f3n ten pasado unha nota de prensa \u00f3s medios indicando que presenta para este luns as seguintes preguntas no pleno (a m\u00e1is das d\u00faas que a\u00ednda ten sen contestar dende hai catro meses): 1.Tendo sido enviadas unha morea de sinaturas a Madrid en petici\u00f3n do retorno do xulgado a Ribadeo, acto para [&hellip;]<\/p>\n","protected":false},"author":3,"featured_media":0,"comment_status":"open","ping_status":"closed","sticky":false,"template":"","format":"standard","meta":{"activitypub_content_warning":"","activitypub_content_visibility":"","activitypub_max_image_attachments":3,"activitypub_interaction_policy_quote":"anyone","activitypub_status":"federate","footnotes":""},"categories":[1],"tags":[74],"class_list":["post-8037","post","type-post","status-publish","format-standard","hentry","category-sen-categoria","tag-o-teson"],"_links":{"self":[{"href":"https:\/\/blogs.amarinha.gal\/ribadeando\/wp-json\/wp\/v2\/posts\/8037","targetHints":{"allow":["GET"]}}],"collection":[{"href":"https:\/\/blogs.amarinha.gal\/ribadeando\/wp-json\/wp\/v2\/posts"}],"about":[{"href":"https:\/\/blogs.amarinha.gal\/ribadeando\/wp-json\/wp\/v2\/types\/post"}],"author":[{"embeddable":true,"href":"https:\/\/blogs.amarinha.gal\/ribadeando\/wp-json\/wp\/v2\/users\/3"}],"replies":[{"embeddable":true,"href":"https:\/\/blogs.amarinha.gal\/ribadeando\/wp-json\/wp\/v2\/comments?post=8037"}],"version-history":[{"count":0,"href":"https:\/\/blogs.amarinha.gal\/ribadeando\/wp-json\/wp\/v2\/posts\/8037\/revisions"}],"wp:attachment":[{"href":"https:\/\/blogs.amarinha.gal\/ribadeando\/wp-json\/wp\/v2\/media?parent=8037"}],"wp:term":[{"taxonomy":"category","embeddable":true,"href":"https:\/\/blogs.amarinha.gal\/ribadeando\/wp-json\/wp\/v2\/categories?post=8037"},{"taxonomy":"post_tag","embeddable":true,"href":"https:\/\/blogs.amarinha.gal\/ribadeando\/wp-json\/wp\/v2\/tags?post=8037"}],"curies":[{"name":"wp","href":"https:\/\/api.w.org\/{rel}","templated":true}]}}