{"id":8034,"date":"2011-03-21T11:02:00","date_gmt":"2011-03-21T10:02:00","guid":{"rendered":""},"modified":"2024-11-12T14:47:59","modified_gmt":"2024-11-12T13:47:59","slug":"presentacion-do-libro-de-homenaxe","status":"publish","type":"post","link":"https:\/\/blogs.amarinha.gal\/ribadeando\/2011\/03\/21\/presentacion-do-libro-de-homenaxe\/","title":{"rendered":"Presentaci\u00f3n do libro de homenaxe a Daniel Cortez\u00f3n"},"content":{"rendered":"<p>O acto do s\u00e1bado 20110319 para a presentaci\u00f3n do <a href=\"http:\/\/publicadoenribadeo.wikispaces.com\/Daniel+Cortez%C3%B3n+%28Libro+homenaxe%29\">libro homenaxe a Daniel Cortez\u00f3n<\/a> fixo que o sal\u00f3n de plenos do concello estivera cheo a rebosar: 150 persoas que mantiveron a espectativa \u00f3 longo do m\u00e1is dunha hora que durou, despois dun retraso de inicio pola espera do Subdirector Xeral de Bibliotecas e director da biblioteca de Galicia, Jos\u00e9 Daniel Buj\u00e1n N\u00fa\u00f1ez. Na mesa, a m\u00e1is del, estiveron o alcalde de Ribadeo, que oficiou de mestre de cerimonia, Ant\u00f3n Veiga Outeiro, Delegado de Cultura da Deputaci\u00f3n, Manuel A. Val\u00edn Vald\u00e9s, que coordinou a edici\u00f3n, Antonio Dea\u00f1o Gamallo, profesor de literatura no IES Gamallo Fierros, e Matilde Gonz\u00e1lez, vi\u00fava de Daniel Cortez\u00f3n e co-coordinadora.<br \/>\nTodos eles falaron, se ben cabe facer distinci\u00f3ns entre os primeiros, que o fixeron de xeito m\u00e1is institucional, e o resto do grupo: Val\u00edn, que o fixo como coordinador e amigo (as s\u00faas verbas, en transcrici\u00f3n aproximada, est\u00e1n a continuaci\u00f3n), Antonio Dea\u00f1o, que glosou nunha longa intervenci\u00f3n a relaci\u00f3n e devoci\u00f3n mutua entre Gamallo e Cortez\u00f3n, e Mati, que embargada pola emoci\u00f3n tivo que suspender temporalmente a s\u00faa intervenci\u00f3n, basada na lectura dun texto do mesmo Daniel. Texto iste sobre a importancia da biblioteca ribadense para a s\u00faa formaci\u00f3n, o que explica a s\u00faa devoci\u00f3n polas bibliotecas p\u00fablicas e a doza\u00f3n da biblioteca particular, (na actualidade en fase de clasificaci\u00f3n, o mesmo que a de Gamallo, no edificio da casa do Viejo Pancho, restaurada recentemente).<br \/>\nA intervenci\u00f3n de Val\u00edn, despois do sa\u00fado e agradecementos, foi de reco\u00f1ecemento  a Manuel L\u00f3pez, de Gr\u00e1ficas Lar, pola impresi\u00f3n e soporte en xeral, a Beatriz Mohedano, a filla de Daniel e Mati, polo coidado esmerado da edici\u00f3n (que se pode comprobar no <a href=\"http:\/\/publicadoenribadeo.wikispaces.com\/Daniel+Cortez%C3%B3n+%28Libro+homenaxe%29\">pdf<\/a>, a\u00ednda que sexa de baixa definici\u00f3n), e \u00e1 propia Matilde, que aparece no libro como coordinadora ao seu car\u00f3n, pasando logo a un curto discurso que tento transcribir dun xeito aproximado  e \u00f3 tempo sucinto, a continuaci\u00f3n:<br \/>\n&#8220;<span style=\"font-style: italic;\">Eu tiven a sorte de poder disfrutar da amizade, nos derradeiros anos da s\u00faa vida, de dous ilustres ribadenses: Dionisio Gamallo e Daniel Cortez\u00f3n; sen d\u00fabida que co\u00f1ecer de cerca a estas d\u00faas persoas, xunto con John Rutherford, foron das mellores cousas que me sucederon na mi\u00f1a etapa como concelleiro de cultura.<\/span><br \/>\n<span style=\"font-style: italic;\">Adem\u00e1is do seu cari\u00f1o cara a mi\u00f1a persoa, formaron unha especie de equipo asesor. Detr\u00e1s de proxectos que foron vendo a luz na historia recente de Ribadeo, como o Centenario de D\u00e1maso Alonso, Congreso sobre El Viejo Pancho, Premio de Investigaci\u00f3n filol\u00f3xica, Centro de estudios Iberoamericanos, melloras na Biblioteca P\u00fablica, &#8230; estaban sempre as figuras de Dionisio e Daniel, co que como poderedes comprender, todo esra moito m\u00e1is doado.<\/span><br \/>\n<span style=\"font-style: italic;\">Os ribadenses temos a boa costume, polo menos nos \u00faltimos tempos, de reco\u00f1eoer a Iaboura desenvolvida polos nosos vecinos que destacaron en diferentes eidos da vida e que foron contr\u00edbuindo a engrandecer o nome de Ribadeo.<\/span><br \/>\n<span style=\"font-style: italic;\">As\u00ed, Daniel puido disfrutar en vida de varios actos que se organizaron para reco\u00f1ecer a s\u00faa calidade humana e literaria, como a adicaci\u00f3n da R\u00faa Daniel Cortez\u00f3n, o Certame de Teatro Afeizoado que leva o seu nome, o ser Socio de Honra da Coral Pol\u00a1f\u00f3nica, &#8230;<\/span><br \/>\n<span style=\"font-style: italic;\">Este libro, como os que no seu momento se fixeron na honra de Gamallo, Suso Pe\u00f1a, Calvo Sotelo, &#8230; intenta axudar a perpetuar no tempo \u00f3 amigo, \u00f3 autor literario, en de\ufb01nitiva, \u00f3 bo ribadense que foi Daniel Cortez\u00f3n.<\/span><br \/>\n<span style=\"font-style: italic;\">A traverso de m\u00e1is de 70 colaboraci\u00f3ns entre textos, poemas, debuxos, fotograf\u00edas, cadros, &#8230; o lector pode achegarse \u00e1 figura de Daniel e facer un percorrido pola s\u00faa dimensi\u00f3n humana e intelectual \u00f3 tempo que constatar o cari\u00f1o que lle te\u00f1en as xentes que estiveron \u00f3 seu car\u00f3n \u00f3 longo da s\u00faa vida.<\/span><br \/>\n<span style=\"font-style: italic;\">O libro incl\u00fae tam\u00e9n unha secci\u00f3n cronol\u00f3xica, preparada por Mati, que permite de forma esquem\u00e1tica facerlle un seguemento \u00f3s acontecementos m\u00e1is slientables dos 82 anos que viviu Daniel.<\/span><br \/>\n<span style=\"font-style: italic;\">Non quixera rematar as mi\u00f1as verbase sen antes po\u00f1er en com\u00fan unha idea. Sabido \u00e9 que ten que pasar un tempo, creo que dez anos, para que a un autor se lle dedique o d\u00eda das Letras Galegas. Non sei onde estarei naquel momento, pero non esquecerei a Daniel para propo\u00f1elo cando chegue o tempo.<\/span><br \/>\n<span style=\"font-style: italic;\">Reiterando os agradecementos, moit\u00edsimas gracias a todos.<\/span>&#8220;<\/p>\n","protected":false},"excerpt":{"rendered":"<p>O acto do s\u00e1bado 20110319 para a presentaci\u00f3n do libro homenaxe a Daniel Cortez\u00f3n fixo que o sal\u00f3n de plenos do concello estivera cheo a rebosar: 150 persoas que mantiveron a espectativa \u00f3 longo do m\u00e1is dunha hora que durou, despois dun retraso de inicio pola espera do Subdirector Xeral de Bibliotecas e director da [&hellip;]<\/p>\n","protected":false},"author":3,"featured_media":0,"comment_status":"open","ping_status":"closed","sticky":false,"template":"","format":"standard","meta":{"activitypub_content_warning":"","activitypub_content_visibility":"","activitypub_max_image_attachments":3,"activitypub_interaction_policy_quote":"anyone","activitypub_status":"federate","footnotes":""},"categories":[1],"tags":[10,9],"class_list":["post-8034","post","type-post","status-publish","format-standard","hentry","category-sen-categoria","tag-cultura","tag-sociedade"],"_links":{"self":[{"href":"https:\/\/blogs.amarinha.gal\/ribadeando\/wp-json\/wp\/v2\/posts\/8034","targetHints":{"allow":["GET"]}}],"collection":[{"href":"https:\/\/blogs.amarinha.gal\/ribadeando\/wp-json\/wp\/v2\/posts"}],"about":[{"href":"https:\/\/blogs.amarinha.gal\/ribadeando\/wp-json\/wp\/v2\/types\/post"}],"author":[{"embeddable":true,"href":"https:\/\/blogs.amarinha.gal\/ribadeando\/wp-json\/wp\/v2\/users\/3"}],"replies":[{"embeddable":true,"href":"https:\/\/blogs.amarinha.gal\/ribadeando\/wp-json\/wp\/v2\/comments?post=8034"}],"version-history":[{"count":0,"href":"https:\/\/blogs.amarinha.gal\/ribadeando\/wp-json\/wp\/v2\/posts\/8034\/revisions"}],"wp:attachment":[{"href":"https:\/\/blogs.amarinha.gal\/ribadeando\/wp-json\/wp\/v2\/media?parent=8034"}],"wp:term":[{"taxonomy":"category","embeddable":true,"href":"https:\/\/blogs.amarinha.gal\/ribadeando\/wp-json\/wp\/v2\/categories?post=8034"},{"taxonomy":"post_tag","embeddable":true,"href":"https:\/\/blogs.amarinha.gal\/ribadeando\/wp-json\/wp\/v2\/tags?post=8034"}],"curies":[{"name":"wp","href":"https:\/\/api.w.org\/{rel}","templated":true}]}}