{"id":8032,"date":"2011-03-23T07:50:00","date_gmt":"2011-03-23T06:50:00","guid":{"rendered":""},"modified":"2024-11-12T14:47:56","modified_gmt":"2024-11-12T13:47:56","slug":"acumulanse-os-traballos","status":"publish","type":"post","link":"https:\/\/blogs.amarinha.gal\/ribadeando\/2011\/03\/23\/acumulanse-os-traballos\/","title":{"rendered":"Acum\u00falanse os traballos"},"content":{"rendered":"<p>Esperei unha tempada para po\u00f1er esta curta nota. Hai xa tempo que se mandou taxativamente tirar altura dun edificio constru\u00eddo por G. Cao  na r\/Recarei. De feito, segundo os medios, o alcalde debera ter pagado xa case un ano de multa mensual por non telo feito. Non debe ser as\u00ed porque se deu alg\u00fan paso. pero polo momento, anos despois da sentenza, a cousa segue igual.<br \/>\nAgora hai xa m\u00e1is dun mes que sa\u00edu outra <a href=\"http:\/\/www.lavozdegalicia.es\/amarina\/2011\/02\/19\/0003_201102X19C11993.htm\">sentenza que obriga a restituir altura neste caso nun edificio constru\u00eddo por Coto<\/a>. Variou algo dende aquela? Polo que parece, que saiu impreso nos medios que ti\u00f1a que baixar altura.<br \/>\nAlgunha ligaz\u00f3n relacionada:<br \/>\n<a href=\"http:\/\/ribadeando.blogspot.com\/2006\/05\/veiga-de-ribadeo-ra-de-ribadeo-o-pobo.html\">Gervasio Cao di que non \u00e9 unha excepci\u00f3n<\/a><br \/>\n<a href=\"http:\/\/ribadeando.blogspot.com\/2007\/05\/rolda-de-prensa-sobre-o-urbanismo-do.html\">Rolda de prensa de Cao<\/a><br \/>\n<a href=\"http:\/\/ribadeando.blogspot.com\/2007\/05\/un-cuarto-de-hora-de-pleno.html\">Algo nun pleno<\/a><\/p>\n","protected":false},"excerpt":{"rendered":"<p>Esperei unha tempada para po\u00f1er esta curta nota. Hai xa tempo que se mandou taxativamente tirar altura dun edificio constru\u00eddo por G. Cao na r\/Recarei. De feito, segundo os medios, o alcalde debera ter pagado xa case un ano de multa mensual por non telo feito. Non debe ser as\u00ed porque se deu alg\u00fan paso. [&hellip;]<\/p>\n","protected":false},"author":3,"featured_media":0,"comment_status":"open","ping_status":"closed","sticky":false,"template":"","format":"standard","meta":{"activitypub_content_warning":"","activitypub_content_visibility":"","activitypub_max_image_attachments":3,"activitypub_interaction_policy_quote":"anyone","activitypub_status":"federate","footnotes":""},"categories":[1],"tags":[65],"class_list":["post-8032","post","type-post","status-publish","format-standard","hentry","category-sen-categoria","tag-arquitectura"],"_links":{"self":[{"href":"https:\/\/blogs.amarinha.gal\/ribadeando\/wp-json\/wp\/v2\/posts\/8032","targetHints":{"allow":["GET"]}}],"collection":[{"href":"https:\/\/blogs.amarinha.gal\/ribadeando\/wp-json\/wp\/v2\/posts"}],"about":[{"href":"https:\/\/blogs.amarinha.gal\/ribadeando\/wp-json\/wp\/v2\/types\/post"}],"author":[{"embeddable":true,"href":"https:\/\/blogs.amarinha.gal\/ribadeando\/wp-json\/wp\/v2\/users\/3"}],"replies":[{"embeddable":true,"href":"https:\/\/blogs.amarinha.gal\/ribadeando\/wp-json\/wp\/v2\/comments?post=8032"}],"version-history":[{"count":0,"href":"https:\/\/blogs.amarinha.gal\/ribadeando\/wp-json\/wp\/v2\/posts\/8032\/revisions"}],"wp:attachment":[{"href":"https:\/\/blogs.amarinha.gal\/ribadeando\/wp-json\/wp\/v2\/media?parent=8032"}],"wp:term":[{"taxonomy":"category","embeddable":true,"href":"https:\/\/blogs.amarinha.gal\/ribadeando\/wp-json\/wp\/v2\/categories?post=8032"},{"taxonomy":"post_tag","embeddable":true,"href":"https:\/\/blogs.amarinha.gal\/ribadeando\/wp-json\/wp\/v2\/tags?post=8032"}],"curies":[{"name":"wp","href":"https:\/\/api.w.org\/{rel}","templated":true}]}}