{"id":8031,"date":"2011-03-24T07:32:00","date_gmt":"2011-03-24T06:32:00","guid":{"rendered":""},"modified":"2024-11-12T14:47:54","modified_gmt":"2024-11-12T13:47:54","slug":"ver-se-o-entendo","status":"publish","type":"post","link":"https:\/\/blogs.amarinha.gal\/ribadeando\/2011\/03\/24\/ver-se-o-entendo\/","title":{"rendered":"A ver se o entendo"},"content":{"rendered":"<p>Aparece na prensa que &#8216;<a href=\"http:\/\/www.elpais.com\/articulo\/Galicia\/Hernandez\/afirma\/desmanes\/urbanismo\/Barreiros\/unicos\/elpepuespgal\/20110324elpgal_10\/Tes\">Hern\u00e1ndez afirma que los desmanes del urbanismo en Barreiros &#8220;no son \u00fanicos&#8221;<\/a>&#8216;, \u00e9 dicir, que o Conselleiro Agust\u00edn Hern\u00e1ndez, a punto de argallar (que non ama\u00f1ar) a legalizaci\u00f3n puntual dos &#8216;desmanes&#8217; urban\u00edsticosen Barreiros, en dicindo isto, deixa outros semellantes (iso si, que necesitan menos cartos para ser ama\u00f1ados) na cuneta. Salto de lei selectivo.<br \/>\nAfondando na nova, resulta que parece que non foi o mesmo conselleiro quen o dixo, pero si quen o avalou. A nova desgrana a diferenza de cartos a po\u00f1er en infrastruturas no concello, m\u00e1is de 14 M\u20ac, a maior\u00eda postos polo propio concello e algo pola Xunta. Pero a parte dos cartos necesarios (\u00f3 fin, postos polo sector &#8216;p\u00fablico&#8217; tan denostado, \u00e9 dicir, por todos n\u00f3s) e mesmo das diferenzas entre concellos (&#8216;amigos&#8217; de corda vs &#8216;contricantes&#8217; na pugna\/loita pol\u00edtica, \u00f3 fin, a discriminaci\u00f3n por cuesti\u00f3ns ideol\u00f3xicas prohibida constitucional e \u00e9ticamente) coido que \u00e9 necesario citar a base da lei, o acordo de convivencia que lle da vida, para dicir que unha argallada como a que se pretende en Barreiros ou noutro lugar non \u00e9 m\u00e1is que machacar a base da lei, o acordo de convivencia, cunhas miras econ\u00f3micas non s\u00f3 particularizables en contra do com\u00fan, sen\u00f3n totalmente desfasadas na s\u00faa concepci\u00f3n e argumentaci\u00f3n.<br \/>\nSempre \u00e9 posible ter entendido mal. Ogall\u00e1 fora as\u00ed para min neste caso.<br \/>\nAgunha entrada anterior relacionada (<a href=\"http:\/\/ribadeando.blogspot.com\/2007\/11\/barreiros-e-unha-lembranza-da-pegada.html\">1<\/a>, <a href=\"http:\/\/ribadeando.blogspot.com\/2011\/03\/hai-xa-diasun-comentario.html\">2<\/a>, <a href=\"http:\/\/ribadeando.blogspot.com\/2007\/11\/as-inmobiliaras-en-regresin-en-ribadeo_17.html\">3<\/a> &#8230;)<\/p>\n","protected":false},"excerpt":{"rendered":"<p>Aparece na prensa que &#8216;Hern\u00e1ndez afirma que los desmanes del urbanismo en Barreiros &#8220;no son \u00fanicos&#8221;&#8216;, \u00e9 dicir, que o Conselleiro Agust\u00edn Hern\u00e1ndez, a punto de argallar (que non ama\u00f1ar) a legalizaci\u00f3n puntual dos &#8216;desmanes&#8217; urban\u00edsticosen Barreiros, en dicindo isto, deixa outros semellantes (iso si, que necesitan menos cartos para ser ama\u00f1ados) na cuneta. Salto [&hellip;]<\/p>\n","protected":false},"author":3,"featured_media":0,"comment_status":"open","ping_status":"closed","sticky":false,"template":"","format":"standard","meta":{"activitypub_content_warning":"","activitypub_content_visibility":"","activitypub_max_image_attachments":3,"activitypub_interaction_policy_quote":"anyone","activitypub_status":"federate","footnotes":""},"categories":[1],"tags":[65,13],"class_list":["post-8031","post","type-post","status-publish","format-standard","hentry","category-sen-categoria","tag-arquitectura","tag-politica"],"_links":{"self":[{"href":"https:\/\/blogs.amarinha.gal\/ribadeando\/wp-json\/wp\/v2\/posts\/8031","targetHints":{"allow":["GET"]}}],"collection":[{"href":"https:\/\/blogs.amarinha.gal\/ribadeando\/wp-json\/wp\/v2\/posts"}],"about":[{"href":"https:\/\/blogs.amarinha.gal\/ribadeando\/wp-json\/wp\/v2\/types\/post"}],"author":[{"embeddable":true,"href":"https:\/\/blogs.amarinha.gal\/ribadeando\/wp-json\/wp\/v2\/users\/3"}],"replies":[{"embeddable":true,"href":"https:\/\/blogs.amarinha.gal\/ribadeando\/wp-json\/wp\/v2\/comments?post=8031"}],"version-history":[{"count":0,"href":"https:\/\/blogs.amarinha.gal\/ribadeando\/wp-json\/wp\/v2\/posts\/8031\/revisions"}],"wp:attachment":[{"href":"https:\/\/blogs.amarinha.gal\/ribadeando\/wp-json\/wp\/v2\/media?parent=8031"}],"wp:term":[{"taxonomy":"category","embeddable":true,"href":"https:\/\/blogs.amarinha.gal\/ribadeando\/wp-json\/wp\/v2\/categories?post=8031"},{"taxonomy":"post_tag","embeddable":true,"href":"https:\/\/blogs.amarinha.gal\/ribadeando\/wp-json\/wp\/v2\/tags?post=8031"}],"curies":[{"name":"wp","href":"https:\/\/api.w.org\/{rel}","templated":true}]}}