{"id":8028,"date":"2011-03-28T07:30:00","date_gmt":"2011-03-28T05:30:00","guid":{"rendered":""},"modified":"2024-11-12T14:47:49","modified_gmt":"2024-11-12T13:47:49","slug":"novo-goberno","status":"publish","type":"post","link":"https:\/\/blogs.amarinha.gal\/ribadeando\/2011\/03\/28\/novo-goberno\/","title":{"rendered":"Novo goberno"},"content":{"rendered":"<p>Xa non fan falta sondeos. Est\u00e1 cantado. Tampouco fan falta elecci\u00f3ns. Xa temos o novo goberno para o futuro, salvo unha revoluci\u00f3n. Tr\u00e1tase do goberno dos 42. Xa non chegan as empresas do IBEX, e xa temos as fotos de familia. Mesmo xa hai presidente, se ben, claro est\u00e1, non \u00e9 electo, sen\u00f3n autodeclarado.<br \/>\nEmilio Bot\u00edn foi o primeiro en falar na xuntanza da semana pasada na Moncloa, e d\u00edxo a Zapatero: contin\u00faa. E Zapatero continuar\u00e1 sen desvelar o futuro, limit\u00e1ndose a recibir ordes, que para iso os reuniu. Sen\u00f3n, non os molestar\u00eda, que para algo xa ten directrices. Como formalmente non se espera que por agora o novo goberno cambie o sistema, de calquera xeito, seguir\u00e1 a haber elecci\u00f3ns, a\u00ednda que est previsto que quen gane ser\u00e1 irrelevante. Pode que mesmo coa sinton\u00eda actual cos poderes f\u00e1cticos, gane de novo PSOE por goleada. E sen\u00f3n, o PP. Far\u00e1 algunha pol\u00edtica novedosa nese caso? Non parece telo previsto. O que si est\u00e1 \u00e9 m\u00e1is do mesmo.<br \/>\nParece que a nivel estatal, nin consello econ\u00f3mico social como se pretende para Ribadeo no regulamento de participaci\u00f3n cidad\u00e1, sen\u00f3n participaci\u00f3n directa de quen conta, que quen non conta, non conta n\u00e1.<br \/>\nAs revoluci\u00f3ns? Que as fagan os \u00e1rabes. Diremos aquelo de a democracia morreu, viva a democracia? Coido que o sentido da frase, empregada para os reis \u00e9 que unha vez morto o rei vello, se lle da o viva \u00f3 novo rei; coa democracia, hai nova democracia unha vez morta a vella? Ou \u00e9 sinxelamente que a democracia caeu en desuso e non paga a pena darlle vivas?<br \/>\n&#8230;<br \/>\nTe\u00f1o un pouco moito de xaleo, a\u00ednda que vexo que estamos mellor que noutros lugares grazas \u00f3s esforzos de tempos pasados. Esforzos que estamos a ningunear co noso comportamento, deixando que nos levante os nosos dereitos.<\/p>\n","protected":false},"excerpt":{"rendered":"<p>Xa non fan falta sondeos. Est\u00e1 cantado. Tampouco fan falta elecci\u00f3ns. Xa temos o novo goberno para o futuro, salvo unha revoluci\u00f3n. Tr\u00e1tase do goberno dos 42. Xa non chegan as empresas do IBEX, e xa temos as fotos de familia. Mesmo xa hai presidente, se ben, claro est\u00e1, non \u00e9 electo, sen\u00f3n autodeclarado. Emilio [&hellip;]<\/p>\n","protected":false},"author":3,"featured_media":0,"comment_status":"open","ping_status":"closed","sticky":false,"template":"","format":"standard","meta":{"activitypub_content_warning":"","activitypub_content_visibility":"","activitypub_max_image_attachments":3,"activitypub_interaction_policy_quote":"anyone","activitypub_status":"federate","footnotes":""},"categories":[1],"tags":[13],"class_list":["post-8028","post","type-post","status-publish","format-standard","hentry","category-sen-categoria","tag-politica"],"_links":{"self":[{"href":"https:\/\/blogs.amarinha.gal\/ribadeando\/wp-json\/wp\/v2\/posts\/8028","targetHints":{"allow":["GET"]}}],"collection":[{"href":"https:\/\/blogs.amarinha.gal\/ribadeando\/wp-json\/wp\/v2\/posts"}],"about":[{"href":"https:\/\/blogs.amarinha.gal\/ribadeando\/wp-json\/wp\/v2\/types\/post"}],"author":[{"embeddable":true,"href":"https:\/\/blogs.amarinha.gal\/ribadeando\/wp-json\/wp\/v2\/users\/3"}],"replies":[{"embeddable":true,"href":"https:\/\/blogs.amarinha.gal\/ribadeando\/wp-json\/wp\/v2\/comments?post=8028"}],"version-history":[{"count":0,"href":"https:\/\/blogs.amarinha.gal\/ribadeando\/wp-json\/wp\/v2\/posts\/8028\/revisions"}],"wp:attachment":[{"href":"https:\/\/blogs.amarinha.gal\/ribadeando\/wp-json\/wp\/v2\/media?parent=8028"}],"wp:term":[{"taxonomy":"category","embeddable":true,"href":"https:\/\/blogs.amarinha.gal\/ribadeando\/wp-json\/wp\/v2\/categories?post=8028"},{"taxonomy":"post_tag","embeddable":true,"href":"https:\/\/blogs.amarinha.gal\/ribadeando\/wp-json\/wp\/v2\/tags?post=8028"}],"curies":[{"name":"wp","href":"https:\/\/api.w.org\/{rel}","templated":true}]}}