{"id":8026,"date":"2011-03-30T07:28:00","date_gmt":"2011-03-30T05:28:00","guid":{"rendered":""},"modified":"2024-11-12T14:47:45","modified_gmt":"2024-11-12T13:47:45","slug":"psicoloxia-politica","status":"publish","type":"post","link":"https:\/\/blogs.amarinha.gal\/ribadeando\/2011\/03\/30\/psicoloxia-politica\/","title":{"rendered":"Psicolox\u00eda pol\u00edtica"},"content":{"rendered":"<p>En Ribadeo xa non se pode inaugurar m\u00e1is. A normativa electoral \u00e9 as\u00ed. Iso dificulta o facer outro tipo de anuncios semellantes. Logo &#8230; logo hai que procurar outro xeito de anuncio. Por exemplo, a presentaci\u00f3n das candidaturas. O tema arrancou xa hai tempo, coa designaci\u00f3n de candidatos, que se foi espallando no tempo pero que finalizou xa hai. Agora chegou a segunda fase. O <a href=\"http:\/\/www.cronica3.com\/2011\/03\/20788\/\">BNG xa presentou a s\u00faa candidatura para as municipais<\/a> este fin de semana, cunha marcada alternancia de sexo impar-par. Hoxe mesmo trae a prensa o nome do <a href=\"http:\/\/www.lavozdegalicia.es\/amarina\/2011\/03\/30\/0003_201103X30C8991.htm\">segundo de a bordo do PP<\/a>, e coido que onte \u00e1 noite debeu de ser refrendada a candidatura o PSOE, da que estaba cantado hai xa alg\u00fan tempo outro dos postos de sa\u00edda (e de UPRI onte mesmo atopei a unha integrante da candidatura repartindo propaganda). A bon seguro cada un dos partidos tenta sacar ventaxa no xeito de facer as presentaci\u00f3ns, a\u00ednda que \u00e1s veces as cousas non marchen como estaban previstas (ver por exemplo as dificultades do PP a conta da elecci\u00f3n do candidato a alcalde, \u00f3 longo do pasado ano -ligaz\u00f3n a unha entrada do<a href=\"http:\/\/ribadeando.blogspot.com\/2009\/11\/tactica-politica-no-pp-de-ribadeo.html\"> comezo<\/a> e outra <a href=\"http:\/\/ribadeando.blogspot.com\/2010\/09\/en-todas-partes-y-en-todas-epocas-los.html\">cara \u00f3 final<\/a> do tema). En fin, cada quen tenta xogar o mellor posible as s\u00faas cartas cunha psicolox\u00eda pol\u00edtica propia, dirixida \u00f3 electorado que pretende. Por suposto, sempre se poden cometer fallos, pero, digo eu, e se empregaran a mesma organizaci\u00f3n e \u00edmpeto despois para traballar polo ben com\u00fan?<br \/>\nA \u00fanica lista que saiu enteira polo momento:<br \/>\nBNG &#8211; LISTA ELECTORAL DO BNG DE RIBADEO PARA AS ELECCI\u00d3NS MUNICIPAIS DO 22 DE MAIO DE 2011<br \/>\n<a onblur=\"try {parent.deselectBloggerImageGracefully();} catch(e) {}\" href=\"https:\/\/blogger.googleusercontent.com\/img\/b\/R29vZ2xl\/AVvXsEjvK19pBOyQ1Z4bfaGcYzxamiGLs0sGf_bzoGf_-dk1Y_cTROXxX-SUN18rMpyjdy5A7e-Df03xne9Oz7UCAyACs6PJhDT9czArZsqtO4KF4ECG-SWuqiQzyJkEoXClv8tG6LxJKQ\/s2048\/candidatura+BNG+2011.jpg\"><img decoding=\"async\" src=\"https:\/\/blogger.googleusercontent.com\/img\/b\/R29vZ2xl\/AVvXsEjvK19pBOyQ1Z4bfaGcYzxamiGLs0sGf_bzoGf_-dk1Y_cTROXxX-SUN18rMpyjdy5A7e-Df03xne9Oz7UCAyACs6PJhDT9czArZsqtO4KF4ECG-SWuqiQzyJkEoXClv8tG6LxJKQ\/s2048\/candidatura+BNG+2011.jpg\" alt=\"\" \/><\/a><br \/>\n1. Fernando Su\u00e1rez Barcia<br \/>\n2. Mari Luz Alvarez Lastra<br \/>\n3. Vicente Castro Reigosa<br \/>\n4. Ana Mar\u00eda Mart\u00ednez Fern\u00e1ndez<br \/>\n5. Horacio Cupeiro Rodr\u00edguez<br \/>\n6. Mar\u00eda Teresa Gonz\u00e1lez Pi\u00f1eiroa<br \/>\n7. Xavier Campos L\u00f3pez<br \/>\n8. Mar\u00eda Paz Ramil Maseda<br \/>\n9. X\u00f3an Ant\u00f3n Monasterio L\u00f3pez<br \/>\n10. Vanesa Yanes Rivas<br \/>\n11. Mario P\u00e9rez Teijo<br \/>\n12. Mar\u00eda Ramona Trabada Fern\u00e1ndez<br \/>\n13. Jorge Juan Fern\u00e1ndez Ramos<br \/>\nSuplente 1\u00ba Mar\u00eda Dolores Garc\u00eda Docovo<br \/>\nSuplente 2\u00ba Xos\u00e9 Luis Valea Fern\u00e1ndez<br \/>\nSuplente 3\u00ba Rocio D\u00edaz Mesa<br \/>\nSuplente 4\u00ba Antonio Vicente Vieites Rodr\u00edguez<br \/>\nSuplente 5\u00ba Paz Hermida Iglesias<br \/>\nSuplente 6\u00ba Jos\u00e9 Antonio Ramil Acebo<\/p>\n","protected":false},"excerpt":{"rendered":"<p>En Ribadeo xa non se pode inaugurar m\u00e1is. A normativa electoral \u00e9 as\u00ed. Iso dificulta o facer outro tipo de anuncios semellantes. Logo &#8230; logo hai que procurar outro xeito de anuncio. Por exemplo, a presentaci\u00f3n das candidaturas. O tema arrancou xa hai tempo, coa designaci\u00f3n de candidatos, que se foi espallando no tempo pero [&hellip;]<\/p>\n","protected":false},"author":3,"featured_media":0,"comment_status":"open","ping_status":"closed","sticky":false,"template":"","format":"standard","meta":{"activitypub_content_warning":"","activitypub_content_visibility":"","activitypub_max_image_attachments":3,"activitypub_interaction_policy_quote":"anyone","activitypub_status":"federate","footnotes":""},"categories":[1],"tags":[13],"class_list":["post-8026","post","type-post","status-publish","format-standard","hentry","category-sen-categoria","tag-politica"],"_links":{"self":[{"href":"https:\/\/blogs.amarinha.gal\/ribadeando\/wp-json\/wp\/v2\/posts\/8026","targetHints":{"allow":["GET"]}}],"collection":[{"href":"https:\/\/blogs.amarinha.gal\/ribadeando\/wp-json\/wp\/v2\/posts"}],"about":[{"href":"https:\/\/blogs.amarinha.gal\/ribadeando\/wp-json\/wp\/v2\/types\/post"}],"author":[{"embeddable":true,"href":"https:\/\/blogs.amarinha.gal\/ribadeando\/wp-json\/wp\/v2\/users\/3"}],"replies":[{"embeddable":true,"href":"https:\/\/blogs.amarinha.gal\/ribadeando\/wp-json\/wp\/v2\/comments?post=8026"}],"version-history":[{"count":0,"href":"https:\/\/blogs.amarinha.gal\/ribadeando\/wp-json\/wp\/v2\/posts\/8026\/revisions"}],"wp:attachment":[{"href":"https:\/\/blogs.amarinha.gal\/ribadeando\/wp-json\/wp\/v2\/media?parent=8026"}],"wp:term":[{"taxonomy":"category","embeddable":true,"href":"https:\/\/blogs.amarinha.gal\/ribadeando\/wp-json\/wp\/v2\/categories?post=8026"},{"taxonomy":"post_tag","embeddable":true,"href":"https:\/\/blogs.amarinha.gal\/ribadeando\/wp-json\/wp\/v2\/tags?post=8026"}],"curies":[{"name":"wp","href":"https:\/\/api.w.org\/{rel}","templated":true}]}}