{"id":8022,"date":"2011-04-01T07:29:00","date_gmt":"2011-04-01T05:29:00","guid":{"rendered":""},"modified":"2024-11-12T14:47:39","modified_gmt":"2024-11-12T13:47:39","slug":"unha-ollada-sobre-a21l","status":"publish","type":"post","link":"https:\/\/blogs.amarinha.gal\/ribadeando\/2011\/04\/01\/unha-ollada-sobre-a21l\/","title":{"rendered":"Unha ollada sobre a A21L"},"content":{"rendered":"<p><a onblur=\"try {parent.deselectBloggerImageGracefully();} catch(e) {}\" href=\"https:\/\/blogger.googleusercontent.com\/img\/b\/R29vZ2xl\/AVvXsEgu5D-R1pRZdo_IrRktkLui2HC2gyg2GsAOCtqVZ8oOwuViNaPXNwbDPfG4b5RsY5O_hOn3XFFHkW6vsMBWvvcB_BDvzVsS4VYfOaVZ4p6WWOCaQkEoXCuUjxMc7qBwR29FqMfddA\/s2048\/A21L_2.jpg\"><img decoding=\"async\" src=\"https:\/\/blogger.googleusercontent.com\/img\/b\/R29vZ2xl\/AVvXsEgu5D-R1pRZdo_IrRktkLui2HC2gyg2GsAOCtqVZ8oOwuViNaPXNwbDPfG4b5RsY5O_hOn3XFFHkW6vsMBWvvcB_BDvzVsS4VYfOaVZ4p6WWOCaQkEoXCuUjxMc7qBwR29FqMfddA\/s2048\/A21L_2.jpg\" alt=\"\" \/><\/a><br \/>\n<a onblur=\"try {parent.deselectBloggerImageGracefully();} catch(e) {}\" href=\"https:\/\/blogger.googleusercontent.com\/img\/b\/R29vZ2xl\/AVvXsEhOzBDLhAVk-YBg2qIi3u3B3EATHuQbd5c3JaOmzGLCBm3sNK6s-c4aVyoJCMFvQTgPuw7naFJnDUNHKR0iImVuCHjIhLcBxA26n1_0RYR5qktQlSueMtYoOEQgkjY8tlc5OYfyvA\/s2048\/A21L.jpg\"><img decoding=\"async\" src=\"https:\/\/blogger.googleusercontent.com\/img\/b\/R29vZ2xl\/AVvXsEhOzBDLhAVk-YBg2qIi3u3B3EATHuQbd5c3JaOmzGLCBm3sNK6s-c4aVyoJCMFvQTgPuw7naFJnDUNHKR0iImVuCHjIhLcBxA26n1_0RYR5qktQlSueMtYoOEQgkjY8tlc5OYfyvA\/s2048\/A21L.jpg\" alt=\"\" \/><\/a><br \/>\nAxenda 21 Local: un titulo para un conxunto de acci\u00f3ns dirixidas a algo as\u00ed como un desenvolvemento mantible no s\u00e9culo XXI&#8230; \u00c9 dicir, unha especie de ilusi\u00f3n en marcha.<br \/>\nOnte houbo unha xuntanza en Ribadeo. Contando os coordinadores, m\u00e1is de corenta persoas. Abondo m\u00e1is de d\u00faas horas despois de comezar algo tarde. Tentarei dar unha idea de que e como foi a cousa.<br \/>\nTrat\u00e1base dunha xuntanza de diagnose, na que se chamou a xente que dalg\u00fan xeito pod\u00eda ter un co\u00f1ecemento relacionado con algunha das \u00e1reas tratadas, 6, que se organizaron en mesas: Unha, relacionada co medio ambiente. Outra, cos servizos comunitarios (b\u00e1sicos e sociais). Unha terceira, coa mobilidade. A cuarta, coas actividades culturais, deportivas, ocio, patrimonio. Outra m\u00e1is, coa estrutura procutiva, mercado de traballo, comercio. E a sexta, coa xuventude.<br \/>\nCada unha tivo entre tres e sete persoas, a parte dun coordinador ou coordinadora, un encargado da conseller\u00eda e o encargado do tema no concello.<br \/>\nChamoume a atenci\u00f3n que en principio, a xuntanza estivera prevista no sal\u00f3n de plenos, pero, pola sinatura dun contrato, a cousa desprazous \u00e1 Casa do Mar, ocupando a coci\u00f1a, onde a escasez de espazo e a mala ac\u00fastica dificultou abondo o enterarse uns do que dic\u00edan os outros. Coido que o espazo necesario para a sinatura dun contrato (\u00f3 fin, algo previsto con anterioridade), e o tempo necesario (de segundos nun caso a horas noutro), m\u00e1is a previsi\u00f3n e anuncio a diferente n\u00famero de xente, m\u00e1is que o \u00fanico repreentante do concello que apareceu na xuntanza fora o t\u00e9cnico que leva o tema e ning\u00fan pol\u00edtico, nin para facerse a foto antes das elecci\u00f3ns, son indicios da importancia institucional relativa que se lle da \u00f3 desenvolvemento da A21L &#8230; Unha das cousas faladas f\u00f3ra de xuntanza \u00e9 se o desenvolvemento da A21L ter\u00e1 cartos ou se ser\u00e1 apoiado dende o concello: a experiencia do plan de mobilidade est\u00e1 recente, e \u00e9 que despois dunha pila de entrevistas e o encargo a unha empresa, parece que existe un plan, pero nin se aplica m\u00e1is al\u00f3 de dicir da s\u00faa existencia nin se co\u00f1ece (cousa que tentarei remediar en parte)<br \/>\nTrat\u00e1base de contestar unhas preguntas por individual, discutilas na propia mesa e logo facer unha posta en com\u00fan para unha diagnose dunha serie de puntos a ter en conta (positivos, negativos, oportunidades, etc) de cara \u00f3 futuro de Ribadeo tentando o seu desenvolvemento mantible. Entendo que nas conclusi\u00f3ns houbo demasiada confusi\u00f3n entre causas, efectos e facilitadores, pero a cousa \u00e9 que \u00f3 final a xente estaba pensando en sa\u00edr tanto como no traballo proposto.<br \/>\nA primeira das imaxes \u00e9a unha lista dos puntos relevantes tratados polas tres primeiras mesas. \u00f3 final houbo unha votaci\u00f3n, e sa\u00edron como segundos m\u00e1is votados a dotaci\u00f3n para a 3\u00aa idade (un apoio \u00e1 plataforma da residencia de maiores) e a comunicaci\u00f3n institucional (o de xeogr\u00e1fica uniuse a outro dos puntos) na que levo insistindo no tempo como facilitadora social. Pero os m\u00e1is votados, con diferenza, foron a falta de emprego e creaci\u00f3n de postos de traballo.<br \/>\nContinuar\u00e1&#8230;<\/p>\n","protected":false},"excerpt":{"rendered":"<p>Axenda 21 Local: un titulo para un conxunto de acci\u00f3ns dirixidas a algo as\u00ed como un desenvolvemento mantible no s\u00e9culo XXI&#8230; \u00c9 dicir, unha especie de ilusi\u00f3n en marcha. Onte houbo unha xuntanza en Ribadeo. Contando os coordinadores, m\u00e1is de corenta persoas. Abondo m\u00e1is de d\u00faas horas despois de comezar algo tarde. Tentarei dar unha [&hellip;]<\/p>\n","protected":false},"author":3,"featured_media":0,"comment_status":"open","ping_status":"closed","sticky":false,"template":"","format":"standard","meta":{"activitypub_content_warning":"","activitypub_content_visibility":"","activitypub_max_image_attachments":3,"activitypub_interaction_policy_quote":"anyone","activitypub_status":"federate","footnotes":""},"categories":[1],"tags":[9],"class_list":["post-8022","post","type-post","status-publish","format-standard","hentry","category-sen-categoria","tag-sociedade"],"_links":{"self":[{"href":"https:\/\/blogs.amarinha.gal\/ribadeando\/wp-json\/wp\/v2\/posts\/8022","targetHints":{"allow":["GET"]}}],"collection":[{"href":"https:\/\/blogs.amarinha.gal\/ribadeando\/wp-json\/wp\/v2\/posts"}],"about":[{"href":"https:\/\/blogs.amarinha.gal\/ribadeando\/wp-json\/wp\/v2\/types\/post"}],"author":[{"embeddable":true,"href":"https:\/\/blogs.amarinha.gal\/ribadeando\/wp-json\/wp\/v2\/users\/3"}],"replies":[{"embeddable":true,"href":"https:\/\/blogs.amarinha.gal\/ribadeando\/wp-json\/wp\/v2\/comments?post=8022"}],"version-history":[{"count":0,"href":"https:\/\/blogs.amarinha.gal\/ribadeando\/wp-json\/wp\/v2\/posts\/8022\/revisions"}],"wp:attachment":[{"href":"https:\/\/blogs.amarinha.gal\/ribadeando\/wp-json\/wp\/v2\/media?parent=8022"}],"wp:term":[{"taxonomy":"category","embeddable":true,"href":"https:\/\/blogs.amarinha.gal\/ribadeando\/wp-json\/wp\/v2\/categories?post=8022"},{"taxonomy":"post_tag","embeddable":true,"href":"https:\/\/blogs.amarinha.gal\/ribadeando\/wp-json\/wp\/v2\/tags?post=8022"}],"curies":[{"name":"wp","href":"https:\/\/api.w.org\/{rel}","templated":true}]}}