{"id":8021,"date":"2011-04-02T18:19:00","date_gmt":"2011-04-02T16:19:00","guid":{"rendered":""},"modified":"2024-11-12T14:47:33","modified_gmt":"2024-11-12T13:47:33","slug":"outra-candidatura","status":"publish","type":"post","link":"https:\/\/blogs.amarinha.gal\/ribadeando\/2011\/04\/02\/outra-candidatura\/","title":{"rendered":"Outra candidatura: PP"},"content":{"rendered":"<p><a onblur=\"try {parent.deselectBloggerImageGracefully();} catch(e) {}\" href=\"https:\/\/blogger.googleusercontent.com\/img\/b\/R29vZ2xl\/AVvXsEjvmbxSPr4-bDzVyVmD7JUBIsJuvvI0Pi2qCnF5LTvWvTwLybHk1d2u3pOBWlMyGfvTzZ66S5lEg8ZoynbkytpPfTsP9knVg8Cy4UuFOu1bNuOtZVtsDmktCDb9zDLBIpC-lf91KQ\/s2048\/Candidatura+PP+2011.jpg\"><img decoding=\"async\" src=\"https:\/\/blogger.googleusercontent.com\/img\/b\/R29vZ2xl\/AVvXsEjvmbxSPr4-bDzVyVmD7JUBIsJuvvI0Pi2qCnF5LTvWvTwLybHk1d2u3pOBWlMyGfvTzZ66S5lEg8ZoynbkytpPfTsP9knVg8Cy4UuFOu1bNuOtZVtsDmktCDb9zDLBIpC-lf91KQ\/s2048\/Candidatura+PP+2011.jpg\" alt=\"\" \/><\/a><br \/>\nDespois de ter publicado xa a <a href=\"http:\/\/ribadeando.blogspot.com\/2011\/03\/psicoloxia-politica.html\">candidatura do BNG<\/a>, p\u00e1sanme esta tarde unha das presentadas hoxe, a do PP:<br \/>\nLISTA ELECTORAL DO PP DE RIBADEO PARA AS ELECCI\u00d3NS MUNICIPAIS DO 22 DE MAIO DE 2011<br \/>\n1  Manuel Val\u00edn Vald\u00e9s<br \/>\n2  Manuel Y\u00e1\u00f1ez Dablanca<br \/>\n3  Azucena Gonz\u00e1lez Loredo<br \/>\n4  M\u00aa del Campo L\u00f3pez-Bra\u00f1a Freije<br \/>\n5  Bego\u00f1a Sanjurjo Santar<br \/>\n6  Jes\u00fas L\u00f3pez Penabad<br \/>\n7  Ana Mar\u00eda Docobo Fern\u00e1ndez<br \/>\n8  Ram\u00f3n Rodr\u00edguez Satar<br \/>\n9  Mar\u00eda Jos\u00e9 Duarte Fanjul<br \/>\n10  Ana Mar\u00eda Garc\u00eda D\u00edaz<br \/>\n11  Joaqu\u00edn Sanjuli\u00e1n D\u00edaz<br \/>\n12  Elisa Rodr\u00edguez Sanjurjo<br \/>\n13  Baldomero Castro Prieto<br \/>\nSuplente 1  Mar\u00eda Dolores Tojo Garc\u00eda<br \/>\nSuplente 2  Jos\u00e9 Mar\u00eda Su\u00e1rez Garc\u00eda<br \/>\nSuplente 3  Avelino Fern\u00e1ndez Mon<br \/>\nSuplente 4 M\u00aa Concepci\u00f3n Vilabrille Bravo<\/p>\n","protected":false},"excerpt":{"rendered":"<p>Despois de ter publicado xa a candidatura do BNG, p\u00e1sanme esta tarde unha das presentadas hoxe, a do PP: LISTA ELECTORAL DO PP DE RIBADEO PARA AS ELECCI\u00d3NS MUNICIPAIS DO 22 DE MAIO DE 2011 1 Manuel Val\u00edn Vald\u00e9s 2 Manuel Y\u00e1\u00f1ez Dablanca 3 Azucena Gonz\u00e1lez Loredo 4 M\u00aa del Campo L\u00f3pez-Bra\u00f1a Freije 5 Bego\u00f1a [&hellip;]<\/p>\n","protected":false},"author":3,"featured_media":0,"comment_status":"open","ping_status":"closed","sticky":false,"template":"","format":"standard","meta":{"activitypub_content_warning":"","activitypub_content_visibility":"","activitypub_max_image_attachments":3,"activitypub_interaction_policy_quote":"anyone","activitypub_status":"federate","footnotes":""},"categories":[1],"tags":[13],"class_list":["post-8021","post","type-post","status-publish","format-standard","hentry","category-sen-categoria","tag-politica"],"_links":{"self":[{"href":"https:\/\/blogs.amarinha.gal\/ribadeando\/wp-json\/wp\/v2\/posts\/8021","targetHints":{"allow":["GET"]}}],"collection":[{"href":"https:\/\/blogs.amarinha.gal\/ribadeando\/wp-json\/wp\/v2\/posts"}],"about":[{"href":"https:\/\/blogs.amarinha.gal\/ribadeando\/wp-json\/wp\/v2\/types\/post"}],"author":[{"embeddable":true,"href":"https:\/\/blogs.amarinha.gal\/ribadeando\/wp-json\/wp\/v2\/users\/3"}],"replies":[{"embeddable":true,"href":"https:\/\/blogs.amarinha.gal\/ribadeando\/wp-json\/wp\/v2\/comments?post=8021"}],"version-history":[{"count":0,"href":"https:\/\/blogs.amarinha.gal\/ribadeando\/wp-json\/wp\/v2\/posts\/8021\/revisions"}],"wp:attachment":[{"href":"https:\/\/blogs.amarinha.gal\/ribadeando\/wp-json\/wp\/v2\/media?parent=8021"}],"wp:term":[{"taxonomy":"category","embeddable":true,"href":"https:\/\/blogs.amarinha.gal\/ribadeando\/wp-json\/wp\/v2\/categories?post=8021"},{"taxonomy":"post_tag","embeddable":true,"href":"https:\/\/blogs.amarinha.gal\/ribadeando\/wp-json\/wp\/v2\/tags?post=8021"}],"curies":[{"name":"wp","href":"https:\/\/api.w.org\/{rel}","templated":true}]}}