{"id":8020,"date":"2011-04-03T00:19:00","date_gmt":"2011-04-02T22:19:00","guid":{"rendered":""},"modified":"2024-11-12T14:47:31","modified_gmt":"2024-11-12T13:47:31","slug":"competencias-impropias","status":"publish","type":"post","link":"https:\/\/blogs.amarinha.gal\/ribadeando\/2011\/04\/03\/competencias-impropias\/","title":{"rendered":"Competencias impropias"},"content":{"rendered":"<p>Onte apareceu na Voz <a href=\"http:\/\/www.lavozdegalicia.es\/galicia\/2011\/04\/02\/0003_201104G2P8991.htm?utm_source=buscavoz&amp;utm_medium=buscavoz\">unha entrevista<\/a> que nalg\u00fan aspecto pode resultar curiosa. Por exemplo, parece mentira que a estas alturas se te\u00f1a que repetir o de que os concellos est\u00e1n a asumir &#8216;competencias impropias&#8217;, isto \u00e9, competencias propias doutras administraci\u00f3ns. Ou que se deixe a unha beira que os concellos est\u00e1n duplicando servizos con outras administraci\u00f3ns, que non \u00e9 o mesmo que o anterior: unha cousa \u00e9 suplir servizos que deberan prestar outros e outra, duplicalos. No fondo, amellora da xesti\u00f3n dos concellos  coa acusaci\u00f3n da procura de votos&#8230;<\/p>\n","protected":false},"excerpt":{"rendered":"<p>Onte apareceu na Voz unha entrevista que nalg\u00fan aspecto pode resultar curiosa. Por exemplo, parece mentira que a estas alturas se te\u00f1a que repetir o de que os concellos est\u00e1n a asumir &#8216;competencias impropias&#8217;, isto \u00e9, competencias propias doutras administraci\u00f3ns. Ou que se deixe a unha beira que os concellos est\u00e1n duplicando servizos con outras [&hellip;]<\/p>\n","protected":false},"author":3,"featured_media":0,"comment_status":"open","ping_status":"closed","sticky":false,"template":"","format":"standard","meta":{"activitypub_content_warning":"","activitypub_content_visibility":"","activitypub_max_image_attachments":3,"activitypub_interaction_policy_quote":"anyone","activitypub_status":"federated","footnotes":""},"categories":[1],"tags":[13],"class_list":["post-8020","post","type-post","status-publish","format-standard","hentry","category-sen-categoria","tag-politica"],"_links":{"self":[{"href":"https:\/\/blogs.amarinha.gal\/ribadeando\/wp-json\/wp\/v2\/posts\/8020","targetHints":{"allow":["GET"]}}],"collection":[{"href":"https:\/\/blogs.amarinha.gal\/ribadeando\/wp-json\/wp\/v2\/posts"}],"about":[{"href":"https:\/\/blogs.amarinha.gal\/ribadeando\/wp-json\/wp\/v2\/types\/post"}],"author":[{"embeddable":true,"href":"https:\/\/blogs.amarinha.gal\/ribadeando\/wp-json\/wp\/v2\/users\/3"}],"replies":[{"embeddable":true,"href":"https:\/\/blogs.amarinha.gal\/ribadeando\/wp-json\/wp\/v2\/comments?post=8020"}],"version-history":[{"count":0,"href":"https:\/\/blogs.amarinha.gal\/ribadeando\/wp-json\/wp\/v2\/posts\/8020\/revisions"}],"wp:attachment":[{"href":"https:\/\/blogs.amarinha.gal\/ribadeando\/wp-json\/wp\/v2\/media?parent=8020"}],"wp:term":[{"taxonomy":"category","embeddable":true,"href":"https:\/\/blogs.amarinha.gal\/ribadeando\/wp-json\/wp\/v2\/categories?post=8020"},{"taxonomy":"post_tag","embeddable":true,"href":"https:\/\/blogs.amarinha.gal\/ribadeando\/wp-json\/wp\/v2\/tags?post=8020"}],"curies":[{"name":"wp","href":"https:\/\/api.w.org\/{rel}","templated":true}]}}