{"id":8016,"date":"2011-04-06T07:30:00","date_gmt":"2011-04-06T05:30:00","guid":{"rendered":""},"modified":"2024-11-12T14:47:26","modified_gmt":"2024-11-12T13:47:26","slug":"chegaron-os-vandalos","status":"publish","type":"post","link":"https:\/\/blogs.amarinha.gal\/ribadeando\/2011\/04\/06\/chegaron-os-vandalos\/","title":{"rendered":"Chegaron os v\u00e1ndalos"},"content":{"rendered":"<p>De xeito peri\u00f3dico sucenden en Ribadeo actos de vandalismo. Por sorte os per\u00edodos son longos. Agora tocoulles o turno \u00e1s luminarias do cargadoiro. P\u00f3dese ler a <a href=\"http:\/\/www.ribadeo.org\/actualidade\/nova.php?id=719&amp;lg=gal\">nota do prensa do concello<\/a>, ou observar as fotos. Pero a desolaci\u00f3n hai que sentila cami\u00f1ando polo parque.<br \/>\nDin que vandalismo ven dos v\u00e1ndalos, un dos pobos invasores tras a ocupaci\u00f3n da pen\u00ednsula por Roma, e sup\u00f3nse que \u00e9 debido \u00f3 arrasamento que fixeron sobre o terreo. A cousa est\u00e1 en que ese pobo moveuse e ocupou as terras, e \u00e9 de supo\u00f1er que \u00f3 facelo farianse conscientes, alomenos en parte, dos efectos da s\u00faa actividade. Neste caso ribadense, a consciencia, onde poder\u00eda procurarse? Cabe alegar, por exemplo, motivos pol\u00edticos agora que estamos \u00e1s portas dunhas elecci\u00f3ns? \u00c9 que cabe alegar algo?<\/p>\n","protected":false},"excerpt":{"rendered":"<p>De xeito peri\u00f3dico sucenden en Ribadeo actos de vandalismo. Por sorte os per\u00edodos son longos. Agora tocoulles o turno \u00e1s luminarias do cargadoiro. P\u00f3dese ler a nota do prensa do concello, ou observar as fotos. Pero a desolaci\u00f3n hai que sentila cami\u00f1ando polo parque. Din que vandalismo ven dos v\u00e1ndalos, un dos pobos invasores tras [&hellip;]<\/p>\n","protected":false},"author":3,"featured_media":0,"comment_status":"open","ping_status":"closed","sticky":false,"template":"","format":"standard","meta":{"activitypub_content_warning":"","activitypub_content_visibility":"","activitypub_max_image_attachments":3,"activitypub_interaction_policy_quote":"anyone","activitypub_status":"federated","footnotes":""},"categories":[1],"tags":[9],"class_list":["post-8016","post","type-post","status-publish","format-standard","hentry","category-sen-categoria","tag-sociedade"],"_links":{"self":[{"href":"https:\/\/blogs.amarinha.gal\/ribadeando\/wp-json\/wp\/v2\/posts\/8016","targetHints":{"allow":["GET"]}}],"collection":[{"href":"https:\/\/blogs.amarinha.gal\/ribadeando\/wp-json\/wp\/v2\/posts"}],"about":[{"href":"https:\/\/blogs.amarinha.gal\/ribadeando\/wp-json\/wp\/v2\/types\/post"}],"author":[{"embeddable":true,"href":"https:\/\/blogs.amarinha.gal\/ribadeando\/wp-json\/wp\/v2\/users\/3"}],"replies":[{"embeddable":true,"href":"https:\/\/blogs.amarinha.gal\/ribadeando\/wp-json\/wp\/v2\/comments?post=8016"}],"version-history":[{"count":0,"href":"https:\/\/blogs.amarinha.gal\/ribadeando\/wp-json\/wp\/v2\/posts\/8016\/revisions"}],"wp:attachment":[{"href":"https:\/\/blogs.amarinha.gal\/ribadeando\/wp-json\/wp\/v2\/media?parent=8016"}],"wp:term":[{"taxonomy":"category","embeddable":true,"href":"https:\/\/blogs.amarinha.gal\/ribadeando\/wp-json\/wp\/v2\/categories?post=8016"},{"taxonomy":"post_tag","embeddable":true,"href":"https:\/\/blogs.amarinha.gal\/ribadeando\/wp-json\/wp\/v2\/tags?post=8016"}],"curies":[{"name":"wp","href":"https:\/\/api.w.org\/{rel}","templated":true}]}}