{"id":8015,"date":"2011-04-07T08:08:00","date_gmt":"2011-04-07T06:08:00","guid":{"rendered":""},"modified":"2024-11-12T14:47:24","modified_gmt":"2024-11-12T13:47:24","slug":"polo-facilino","status":"publish","type":"post","link":"https:\/\/blogs.amarinha.gal\/ribadeando\/2011\/04\/07\/polo-facilino\/","title":{"rendered":"Polo facili\u00f1o"},"content":{"rendered":"<p>As\u00ed vai ampli\u00e1ndose de novo a autov\u00eda. Nesta semana, esp\u00e9rase (sen inauguraci\u00f3n patente, pero con eco equivalente) un novo tramo dende a Xesta a Abad\u00edn (oficialmente o tramo \u00e9 A Careira-Abad\u00edn, pero iso pouco importa), mentras segue en funcionamento o desv\u00edo provisional en Lourenz\u00e1 e tam\u00e9n o de Marti\u00f1\u00e1n, ambos sen servizo (despois de costar facelos) unha vez que se po\u00f1an en funcionamento os tramos seguintes. E e o primeiro coido que un aut\u00e9ntico desatino, de xeito que hai pouco me comentaba un lector do blog que non foi capaz de atopalo, cousa que non \u00e9 rara segundo de onde se ve\u00f1a, e que se suma \u00e1 volta a dar para collelo ou deixalo nas viaxes m\u00e1is numerosas, ou \u00e1 perigosidade da incorporaci\u00f3n dende a estrada. En fin.<\/p>\n","protected":false},"excerpt":{"rendered":"<p>As\u00ed vai ampli\u00e1ndose de novo a autov\u00eda. Nesta semana, esp\u00e9rase (sen inauguraci\u00f3n patente, pero con eco equivalente) un novo tramo dende a Xesta a Abad\u00edn (oficialmente o tramo \u00e9 A Careira-Abad\u00edn, pero iso pouco importa), mentras segue en funcionamento o desv\u00edo provisional en Lourenz\u00e1 e tam\u00e9n o de Marti\u00f1\u00e1n, ambos sen servizo (despois de costar [&hellip;]<\/p>\n","protected":false},"author":3,"featured_media":0,"comment_status":"open","ping_status":"closed","sticky":false,"template":"","format":"standard","meta":{"activitypub_content_warning":"","activitypub_content_visibility":"","activitypub_max_image_attachments":3,"activitypub_interaction_policy_quote":"anyone","activitypub_status":"federated","footnotes":""},"categories":[1],"tags":[9],"class_list":["post-8015","post","type-post","status-publish","format-standard","hentry","category-sen-categoria","tag-sociedade"],"_links":{"self":[{"href":"https:\/\/blogs.amarinha.gal\/ribadeando\/wp-json\/wp\/v2\/posts\/8015","targetHints":{"allow":["GET"]}}],"collection":[{"href":"https:\/\/blogs.amarinha.gal\/ribadeando\/wp-json\/wp\/v2\/posts"}],"about":[{"href":"https:\/\/blogs.amarinha.gal\/ribadeando\/wp-json\/wp\/v2\/types\/post"}],"author":[{"embeddable":true,"href":"https:\/\/blogs.amarinha.gal\/ribadeando\/wp-json\/wp\/v2\/users\/3"}],"replies":[{"embeddable":true,"href":"https:\/\/blogs.amarinha.gal\/ribadeando\/wp-json\/wp\/v2\/comments?post=8015"}],"version-history":[{"count":0,"href":"https:\/\/blogs.amarinha.gal\/ribadeando\/wp-json\/wp\/v2\/posts\/8015\/revisions"}],"wp:attachment":[{"href":"https:\/\/blogs.amarinha.gal\/ribadeando\/wp-json\/wp\/v2\/media?parent=8015"}],"wp:term":[{"taxonomy":"category","embeddable":true,"href":"https:\/\/blogs.amarinha.gal\/ribadeando\/wp-json\/wp\/v2\/categories?post=8015"},{"taxonomy":"post_tag","embeddable":true,"href":"https:\/\/blogs.amarinha.gal\/ribadeando\/wp-json\/wp\/v2\/tags?post=8015"}],"curies":[{"name":"wp","href":"https:\/\/api.w.org\/{rel}","templated":true}]}}