{"id":8013,"date":"2011-04-08T07:31:00","date_gmt":"2011-04-08T05:31:00","guid":{"rendered":""},"modified":"2024-11-12T14:47:21","modified_gmt":"2024-11-12T13:47:21","slug":"chegaron-os-vandalos-ii","status":"publish","type":"post","link":"https:\/\/blogs.amarinha.gal\/ribadeando\/2011\/04\/08\/chegaron-os-vandalos-ii\/","title":{"rendered":"Chegaron os v\u00e1ndalos (II)"},"content":{"rendered":"<p><a onblur=\"try {parent.deselectBloggerImageGracefully();} catch(e) {}\" href=\"https:\/\/blogger.googleusercontent.com\/img\/b\/R29vZ2xl\/AVvXsEgMsnQheFX6HnSnxv37Tj9Tb2cVRtmmy-Y_-k-u_fmOoOUgAVyryjhyphenhyphenf82M5cY-XG4DqJMq-S1ljKQML1DrgYgsBw-Qtxqt8VuMS8sxcpp2UPH6-7uNHO68DFKjCMM-qYsGtq3t0A\/s2048\/vidrosrotos.jpg\"><img decoding=\"async\" src=\"https:\/\/blogger.googleusercontent.com\/img\/b\/R29vZ2xl\/AVvXsEgMsnQheFX6HnSnxv37Tj9Tb2cVRtmmy-Y_-k-u_fmOoOUgAVyryjhyphenhyphenf82M5cY-XG4DqJMq-S1ljKQML1DrgYgsBw-Qtxqt8VuMS8sxcpp2UPH6-7uNHO68DFKjCMM-qYsGtq3t0A\/s2048\/vidrosrotos.jpg\" alt=\"\" \/><\/a><br \/>\n<a onblur=\"try {parent.deselectBloggerImageGracefully();} catch(e) {}\" href=\"https:\/\/blogger.googleusercontent.com\/img\/b\/R29vZ2xl\/AVvXsEjvLQ6UiKZI6hBWb29hMZUjmgf2pIIrJl71sE1LFXACiIRk0mkWU-VfQ8WTkP4zs_qOjV-nmWFbvvxGyZMkkKDTpmufFTM7OpgSK2yEXuYy6mQ8S5IR0zuNRhwB9JJa4CIvzZ3G4w\/s2048\/balaustradarota.jpg\"><img decoding=\"async\" src=\"https:\/\/blogger.googleusercontent.com\/img\/b\/R29vZ2xl\/AVvXsEjvLQ6UiKZI6hBWb29hMZUjmgf2pIIrJl71sE1LFXACiIRk0mkWU-VfQ8WTkP4zs_qOjV-nmWFbvvxGyZMkkKDTpmufFTM7OpgSK2yEXuYy6mQ8S5IR0zuNRhwB9JJa4CIvzZ3G4w\/s2048\/balaustradarota.jpg\" alt=\"\" \/><\/a><br \/>\n<a onblur=\"try {parent.deselectBloggerImageGracefully();} catch(e) {}\" href=\"https:\/\/blogger.googleusercontent.com\/img\/b\/R29vZ2xl\/AVvXsEiI1nJQYIuKHKwQpaOuVXRbtd16pVUpfmx6Rh1nda6yFkKXLQ7ZC_-8hFaeCaXj9aqF87VXoqvl3mSJJOzLAN3UuPu2qlVrG4KCE8uDV5bMxccWdgayV3ufK0ibp3RIAC39TcNYRg\/s2048\/basefarola.jpg\"><img decoding=\"async\" src=\"https:\/\/blogger.googleusercontent.com\/img\/b\/R29vZ2xl\/AVvXsEiI1nJQYIuKHKwQpaOuVXRbtd16pVUpfmx6Rh1nda6yFkKXLQ7ZC_-8hFaeCaXj9aqF87VXoqvl3mSJJOzLAN3UuPu2qlVrG4KCE8uDV5bMxccWdgayV3ufK0ibp3RIAC39TcNYRg\/s2048\/basefarola.jpg\" alt=\"\" \/><\/a><br \/>\n<a onblur=\"try {parent.deselectBloggerImageGracefully();} catch(e) {}\" href=\"https:\/\/blogger.googleusercontent.com\/img\/b\/R29vZ2xl\/AVvXsEiOZ0XUDNIlSmT_-qNb9c4FLj5WF7eZZL-vHGx0x2rwnFy-NF9u8N87IoH7YUSuCMN-2EleHyJAMvDUA5xCenxwieTpe3800zGXIY5h-CNSjFacrZw90g-vyhVXtaMU0hu14-3ODQ\/s2048\/farolacortada.jpg\"><img decoding=\"async\" src=\"https:\/\/blogger.googleusercontent.com\/img\/b\/R29vZ2xl\/AVvXsEiOZ0XUDNIlSmT_-qNb9c4FLj5WF7eZZL-vHGx0x2rwnFy-NF9u8N87IoH7YUSuCMN-2EleHyJAMvDUA5xCenxwieTpe3800zGXIY5h-CNSjFacrZw90g-vyhVXtaMU0hu14-3ODQ\/s2048\/farolacortada.jpg\" alt=\"\" \/><\/a><br \/>\n<a onblur=\"try {parent.deselectBloggerImageGracefully();} catch(e) {}\" href=\"https:\/\/blogger.googleusercontent.com\/img\/b\/R29vZ2xl\/AVvXsEjN7tOeG1A2kQktGCKYlLCOtNTzwf4d0OkCCkYpENbZTUk2m926BEnvNx_Y1f5VtIlv0sxKqy79d879OuUHB2q3a78D3OG88wSO5GhAPBk9Qpnt_qm08hQE_PfpLmO4DULMB2shnQ\/s2048\/luminariarota.jpg\"><img decoding=\"async\" src=\"https:\/\/blogger.googleusercontent.com\/img\/b\/R29vZ2xl\/AVvXsEjN7tOeG1A2kQktGCKYlLCOtNTzwf4d0OkCCkYpENbZTUk2m926BEnvNx_Y1f5VtIlv0sxKqy79d879OuUHB2q3a78D3OG88wSO5GhAPBk9Qpnt_qm08hQE_PfpLmO4DULMB2shnQ\/s2048\/luminariarota.jpg\" alt=\"\" \/><\/a><br \/>\nHai un par de d\u00edas publiquei unha nota curta, <a href=\"http:\/\/ribadeando.blogspot.com\/2011\/04\/chegaron-os-vandalos.html\">chegaron os v\u00e1ndalos<\/a>, na que daba nota dos destrozos no cargadoiro. \u00d3 d\u00eda seguinte puiden ver <a href=\"http:\/\/feedproxy.google.com\/%7Er\/ElAngeldeOlavide\/%7E3\/5_etIQuu6hU\/destruida-una-placa-de-homenaje-presos.html\">no blog de El \u00c1ngel de Olavide outro vandalismo nas Figueiras<\/a>. Onte tam\u00e9n entereime de destrozos en Viveiro pouco antes das municipais pasadas. E hoxe decid\u00edn deixar unha pequena mostra de como quedou o cargadoiro.<br \/>\nA grandes rasgos, non se nota moito; \u00e9 polo mi\u00fado onde se pode observar a mala leche dos causantes. &#8216;Dos&#8217;, porque se o rebentar os vidros das luminarias coido que pode ser r\u00e1pido, o tumbar as farolas non parece ser nin r\u00e1pido nin cousa dunha soa persoa.<br \/>\nPor certo que parece que o goberno municipal deixara sen recoller os vidros (si retirou as farolas) para que a cidadan\u00eda poida ver como foi o destrozo, por se non abondara con ver as luminarias sen potector e sen l\u00e1mpada.<br \/>\nMentras, segue sen saberse nin comentarse m\u00e1is doutro destrozo (que considero de xeito diferente pero non menor), das vidrieiras do cemiterio. Jos\u00e9 M\u00aa Rodr\u00edguez foi \u00faltimo en falar delo, <a href=\"http:\/\/cargadoiro.blogcindario.com\/2011\/03\/00345-un-expolio-sin-aclarar.html\">no seu blog<\/a> e na Comarca. Pero ir\u00e1 sa\u00edndo pouco a pouco. Por exemplo, por Pancho Campos ent\u00e9rome hai poucos d\u00edas de que cada unha das vidrieiras ten arredor de 600 pezas de vidro montadas. En total ser\u00edan unhas 4 000 unha vez descontadas as partes baixas das vidrieiras que xa estaban sacadas. S\u00f3 esta cantidade, a parte da propia reproducci\u00f3n dos vidros cunha t\u00e9cnica que ten que ser complexa, ou da minuciosa montaxe necesaria, da unha idea do monto econ\u00f3mico que pode supo\u00f1er o voltar as vidrieiras \u00f3 seu estado.<br \/>\nSobre as vidrieiras: <a href=\"http:\/\/ribadeando.blogspot.com\/2010\/11\/un-momento-pero-non-habia-vidrieiras-ai.html\">1<\/a>, <a href=\"http:\/\/ribadeando.blogspot.com\/2010\/12\/houberahabera-unhas-vidrieiras-ideas.html\">2<\/a>, <a href=\"http:\/\/ribadeando.blogspot.com\/2011\/01\/as-vidrieiras-da-capela-do-cemiterio.html\">3<\/a>, <a href=\"http:\/\/ribadeando.blogspot.com\/2011\/01\/pintadas-e-vidrieiras-artigo-de-pancho.html\">4<\/a>, &#8230;<\/p>\n","protected":false},"excerpt":{"rendered":"<p>Hai un par de d\u00edas publiquei unha nota curta, chegaron os v\u00e1ndalos, na que daba nota dos destrozos no cargadoiro. \u00d3 d\u00eda seguinte puiden ver no blog de El \u00c1ngel de Olavide outro vandalismo nas Figueiras. Onte tam\u00e9n entereime de destrozos en Viveiro pouco antes das municipais pasadas. E hoxe decid\u00edn deixar unha pequena mostra [&hellip;]<\/p>\n","protected":false},"author":3,"featured_media":0,"comment_status":"open","ping_status":"closed","sticky":false,"template":"","format":"standard","meta":{"activitypub_content_warning":"","activitypub_content_visibility":"","activitypub_max_image_attachments":3,"activitypub_interaction_policy_quote":"anyone","activitypub_status":"federated","footnotes":""},"categories":[1],"tags":[9],"class_list":["post-8013","post","type-post","status-publish","format-standard","hentry","category-sen-categoria","tag-sociedade"],"_links":{"self":[{"href":"https:\/\/blogs.amarinha.gal\/ribadeando\/wp-json\/wp\/v2\/posts\/8013","targetHints":{"allow":["GET"]}}],"collection":[{"href":"https:\/\/blogs.amarinha.gal\/ribadeando\/wp-json\/wp\/v2\/posts"}],"about":[{"href":"https:\/\/blogs.amarinha.gal\/ribadeando\/wp-json\/wp\/v2\/types\/post"}],"author":[{"embeddable":true,"href":"https:\/\/blogs.amarinha.gal\/ribadeando\/wp-json\/wp\/v2\/users\/3"}],"replies":[{"embeddable":true,"href":"https:\/\/blogs.amarinha.gal\/ribadeando\/wp-json\/wp\/v2\/comments?post=8013"}],"version-history":[{"count":0,"href":"https:\/\/blogs.amarinha.gal\/ribadeando\/wp-json\/wp\/v2\/posts\/8013\/revisions"}],"wp:attachment":[{"href":"https:\/\/blogs.amarinha.gal\/ribadeando\/wp-json\/wp\/v2\/media?parent=8013"}],"wp:term":[{"taxonomy":"category","embeddable":true,"href":"https:\/\/blogs.amarinha.gal\/ribadeando\/wp-json\/wp\/v2\/categories?post=8013"},{"taxonomy":"post_tag","embeddable":true,"href":"https:\/\/blogs.amarinha.gal\/ribadeando\/wp-json\/wp\/v2\/tags?post=8013"}],"curies":[{"name":"wp","href":"https:\/\/api.w.org\/{rel}","templated":true}]}}