{"id":8012,"date":"2011-04-09T10:49:00","date_gmt":"2011-04-09T08:49:00","guid":{"rendered":""},"modified":"2024-11-12T14:47:20","modified_gmt":"2024-11-12T13:47:20","slug":"completadas-as-candidaturas-para-as","status":"publish","type":"post","link":"https:\/\/blogs.amarinha.gal\/ribadeando\/2011\/04\/09\/completadas-as-candidaturas-para-as\/","title":{"rendered":"Completadas as candidaturas para as munipais 2011"},"content":{"rendered":"<p>Con d\u00faas semanas de retraso respecto da <a href=\"http:\/\/ribadeando.blogspot.com\/2011\/03\/psicoloxia-politica.html\">candidatura do BNG<\/a> e unha despois da do <a href=\"http:\/\/ribadeando.blogspot.com\/2011\/04\/outra-candidatura.html\">PP<\/a> e de <a href=\"http:\/\/ribadeando.blogspot.com\/2011\/04\/upri-terceira-candidatura.html\">UPRi<\/a>, presentouse onde a lista do PSOE \u00e1s municipais 2011:<br \/>\n1.Eduardo Guti\u00e9rrez Fern\u00e1ndez<br \/>\n2.V\u00edctor L\u00f3pez P\u00e9rez<br \/>\n3.Mar\u00eda Antonia Loureiro<br \/>\n4.Jos\u00e9 \u00c1ngel Bola\u00f1o Penelo<br \/>\n5.Mar\u00eda Jos\u00e9 Rodr\u00edguez Arca<br \/>\n6.Jos\u00e9 Antonio Prados Moreda<br \/>\n7.Vanesa Rodr\u00edguez<br \/>\n8.Jorge D\u00edaz Freije<br \/>\n9.Mar\u00eda Jes\u00fas Rodr\u00edgues<br \/>\n10.Rub\u00e9n Ra\u00f1\u00f3n<br \/>\n11.Miriam Linares<br \/>\n12.Arturo Jos\u00e9 Alonso<br \/>\n13.Claudia Rodr\u00edguez<br \/>\nSuplente 1\u00ba.Ram\u00f3n \u00c1ngel Coto<br \/>\nSuplente 2\u00ba.M\u00f3nica Fern\u00e1ndez<br \/>\nSuplente 3\u00ba.Valent\u00edn Izquierdo<br \/>\n<a href=\"http:\/\/www.lavozdegalicia.es\/amarina\/2011\/04\/09\/0003_201104X9C9991.htm\">O acto tivo lugar onte<\/a> na Casa Sindical.<br \/>\nMentras, cada partido estase a preparar para o tir\u00f3n definitivo da campa\u00f1a. As\u00ed, o PP sacou un documento con instruci\u00f3ns para axudar a votar por correo que resumo:<\/p>\n<p>&#8212;<\/p>\n<p>INSTRUCI\u00d3NS PARA O VOTO POR CORREO<br \/>\n1- SOLICITUDE VOTO: DO 29 DE MARZO Ao 12 DE MAIO<br \/>\nSolicita persoalmente en calquera Oficina de Correos o impreso para poder votar.<br \/>\nRechea e asina o impreso. Entr\u00e9gao persoalmente en calquera Oficina de Correos. Non esquezas o teu DNI<br \/>\n2- RECIBIR DOCUMENTACI\u00d3N: DO 2 DE MAIO Ao 15 DE MAIO<br \/>\nRecibir\u00e1s no domicilio indicado toda a documentaci\u00f3n necesaria para votar. Non esquezas que debes recibila persoalmente e co teu DNI, xa que chegarache certificada.<br \/>\nA documentaci\u00f3n que che env\u00eda a OCE da t\u00faa provincia incl\u00fae:<br \/>\n2 sobres de votaci\u00f3n. Municipais\/ Auton\u00f3micas<br \/>\nPapeletas de todos os Partidos. Municipais<br \/>\nCertificado de estar inscrito no Censo<br \/>\nSobre para enviar o teu voto, en devandito sobre estar\u00e1 impreso o teu colexio, secci\u00f3n e mesa onde che corresponde votar.<br \/>\n3-ENVIAR O teu VOTO: AT\u00c9 O 18 DE MAIO<br \/>\nTes at\u00e9 o 18 de maio para enviar o teu voto, sempre certific\u00e1ndoo, gratuitamente, en calquera Oficina de Correos.<br \/>\nNon introduzas o Certificado de estar inscrito no Censo dentro do sobre de votaci\u00f3n coas papeletas: non ser\u00e1 v\u00e1lido o teu voto. Introd\u00faceo solto, dentro do sobre dirixido \u00e1 t\u00faa mesa electoral.<br \/>\nINSTRUCI\u00d3NS  PARA O VOTO POR CORREO &#8211; PERSOAS IMPEDIDAS<br \/>\nCertificado M\u00e9dico Oficial, no que constar\u00e1n as causas que lle impide votar persoalmente. O impreso podes recollelo gratuitamente no Colexio Oficial de M\u00e9dicos da t\u00faa provincia.<br \/>\nPoder Notarial, xustificando a s\u00faa incapacidade para votar e polo que designa \u00e1 persoa elixida polo votante para que lle represente e se ocupe de tramitar a s\u00faa petici\u00f3n de Voto por Correo.<br \/>\nA Misi\u00f3n do Representante consiste en:<br \/>\nPresentar en Correos o Impreso de Solicitude da persoa impedida, que asinar\u00e1 en presenza do Funcionario, exhibindo o representante o seu DNI orixinal<br \/>\nA este impreso acompa\u00f1aralle o Certificado M\u00e9dico cumprimentado e o Poder Notarial correspondente, mencionado anteriormente.<br \/>\nUnha vez recibida a documentaci\u00f3n pola persoa enferma ou impedida, que lle entregar\u00e1 o carteiro persoalmente, o representante seguir\u00e1 as instruci\u00f3ns expostas por Voto por Correo.<br \/>\nTanto o Certificado M\u00e9dico como o Poder Notarial son gratu\u00edtos.<br \/>\nINSTRUCI\u00d3NS  PARA O VOTO: RESIDENTES TEMPORALMENTE NO EXTERIOR<br \/>\n1.- SOLICITUDE DE VOTO: DO 29 DE MARZO AO 23 DE ABRIL<br \/>\nSolicita no teu Consulado, Embaixada ou descarga por internet desde a Web do M\u00ba de Asuntos Exteriores e Cooperaci\u00f3n (www.maec.es) o impreso de solicitude de voto.<br \/>\nRechea e asina o impreso . Entr\u00e9gao persoalmente na Embaixada ou Oficina Consular. Ir\u00e1 dirixida a t\u00faa solicitude \u00e1 Oficina do Censo Electoral da t\u00faa Provincia. Non esquezas o teu D.N.I ou Pasaporte<br \/>\n2.-RECIBIR DOCUMENTACI\u00d3N: AT\u00c9 O 2 DE MAIO<br \/>\nRecibir\u00e1s no domicilio indicado toda a documentaci\u00f3n necesaria para votar.<br \/>\nA documentaci\u00f3n que che env\u00eda a Oficina do Censo Electoral da t\u00faa provincia:<br \/>\n2 sobres de votaci\u00f3n. Municipais\/ Auton\u00f3micas<br \/>\nPapeletas de todos os Partidos. Municipais e Auton\u00f3micas<br \/>\nCertificado de estar inscrito no Censo<br \/>\nSobre para enviar o teu voto, en devandito sobre estar\u00e1 impreso o teu colexio, secci\u00f3n e mesa onde corresp\u00f3ndeche votar.<br \/>\n3.-EMITIR O teu VOTO: AT\u00c9 O 18 DE MAIO<br \/>\nTes at\u00e9 o 18 de maio para enviar o teu voto, sempre certific\u00e1ndoo desde calquera oficina de Correos<br \/>\nNon introduzas o Certificado de estar inscrito no Censo dentro do sobre de votaci\u00f3n coas papeletas, non ser\u00e1 v\u00e1lido o teu voto. Introd\u00faceo solto, dentro do sobre dirixido \u00e1 t\u00faa mesa electoral<\/p>\n","protected":false},"excerpt":{"rendered":"<p>Con d\u00faas semanas de retraso respecto da candidatura do BNG e unha despois da do PP e de UPRi, presentouse onde a lista do PSOE \u00e1s municipais 2011: 1.Eduardo Guti\u00e9rrez Fern\u00e1ndez 2.V\u00edctor L\u00f3pez P\u00e9rez 3.Mar\u00eda Antonia Loureiro 4.Jos\u00e9 \u00c1ngel Bola\u00f1o Penelo 5.Mar\u00eda Jos\u00e9 Rodr\u00edguez Arca 6.Jos\u00e9 Antonio Prados Moreda 7.Vanesa Rodr\u00edguez 8.Jorge D\u00edaz Freije 9.Mar\u00eda [&hellip;]<\/p>\n","protected":false},"author":3,"featured_media":0,"comment_status":"open","ping_status":"closed","sticky":false,"template":"","format":"standard","meta":{"activitypub_content_warning":"","activitypub_content_visibility":"","activitypub_max_image_attachments":3,"activitypub_interaction_policy_quote":"anyone","activitypub_status":"federated","footnotes":""},"categories":[1],"tags":[13],"class_list":["post-8012","post","type-post","status-publish","format-standard","hentry","category-sen-categoria","tag-politica"],"_links":{"self":[{"href":"https:\/\/blogs.amarinha.gal\/ribadeando\/wp-json\/wp\/v2\/posts\/8012","targetHints":{"allow":["GET"]}}],"collection":[{"href":"https:\/\/blogs.amarinha.gal\/ribadeando\/wp-json\/wp\/v2\/posts"}],"about":[{"href":"https:\/\/blogs.amarinha.gal\/ribadeando\/wp-json\/wp\/v2\/types\/post"}],"author":[{"embeddable":true,"href":"https:\/\/blogs.amarinha.gal\/ribadeando\/wp-json\/wp\/v2\/users\/3"}],"replies":[{"embeddable":true,"href":"https:\/\/blogs.amarinha.gal\/ribadeando\/wp-json\/wp\/v2\/comments?post=8012"}],"version-history":[{"count":0,"href":"https:\/\/blogs.amarinha.gal\/ribadeando\/wp-json\/wp\/v2\/posts\/8012\/revisions"}],"wp:attachment":[{"href":"https:\/\/blogs.amarinha.gal\/ribadeando\/wp-json\/wp\/v2\/media?parent=8012"}],"wp:term":[{"taxonomy":"category","embeddable":true,"href":"https:\/\/blogs.amarinha.gal\/ribadeando\/wp-json\/wp\/v2\/categories?post=8012"},{"taxonomy":"post_tag","embeddable":true,"href":"https:\/\/blogs.amarinha.gal\/ribadeando\/wp-json\/wp\/v2\/tags?post=8012"}],"curies":[{"name":"wp","href":"https:\/\/api.w.org\/{rel}","templated":true}]}}