{"id":8011,"date":"2011-04-10T10:13:00","date_gmt":"2011-04-10T08:13:00","guid":{"rendered":""},"modified":"2024-11-12T14:47:18","modified_gmt":"2024-11-12T13:47:18","slug":"presentacion-da-xvii-feira-da-ciencia","status":"publish","type":"post","link":"https:\/\/blogs.amarinha.gal\/ribadeando\/2011\/04\/10\/presentacion-da-xvii-feira-da-ciencia\/","title":{"rendered":"Presentaci\u00f3n da XVII feira da ciencia de Ribadeo"},"content":{"rendered":"<p><a onblur=\"try {parent.deselectBloggerImageGracefully();} catch(e) {}\" href=\"https:\/\/blogger.googleusercontent.com\/img\/b\/R29vZ2xl\/AVvXsEh0vYGWCDrXnH5O-K195YkV4p4CFn9iQRLNcUXllV5MZUyaqPthE0tnGzic3YEPYhI6tI7dO3Uu-MmJ3WscbUEgNfZnJav9gxzE6IXYgOdT3bRc97RJ6hBQ5fOQeCt21EiU0L-7uw\/s2048\/presentacion+feira+2011.jpg\"><img decoding=\"async\" src=\"https:\/\/blogger.googleusercontent.com\/img\/b\/R29vZ2xl\/AVvXsEh0vYGWCDrXnH5O-K195YkV4p4CFn9iQRLNcUXllV5MZUyaqPthE0tnGzic3YEPYhI6tI7dO3Uu-MmJ3WscbUEgNfZnJav9gxzE6IXYgOdT3bRc97RJ6hBQ5fOQeCt21EiU0L-7uw\/s2048\/presentacion+feira+2011.jpg\" alt=\"\" \/><\/a><br \/>\n<a onblur=\"try {parent.deselectBloggerImageGracefully();} catch(e) {}\" href=\"https:\/\/blogger.googleusercontent.com\/img\/b\/R29vZ2xl\/AVvXsEjzH2INkfToqE-JgcCQcBbRLDjyEIdZcEbLC5xVimmHPjvELieIUxpuABqnMSmRaL5olYLkkiZs3X5TxZYuQRcEHpKGE8SRe6-eajJJN8edqYfor-aSpTe4yEfq9UVCa5_9t4TIOA\/s2048\/2011+feira+foca.jpg\"><img decoding=\"async\" src=\"https:\/\/blogger.googleusercontent.com\/img\/b\/R29vZ2xl\/AVvXsEjzH2INkfToqE-JgcCQcBbRLDjyEIdZcEbLC5xVimmHPjvELieIUxpuABqnMSmRaL5olYLkkiZs3X5TxZYuQRcEHpKGE8SRe6-eajJJN8edqYfor-aSpTe4yEfq9UVCa5_9t4TIOA\/s2048\/2011+feira+foca.jpg\" alt=\"\" \/><\/a><br \/>\n<a onblur=\"try {parent.deselectBloggerImageGracefully();} catch(e) {}\" href=\"https:\/\/blogger.googleusercontent.com\/img\/b\/R29vZ2xl\/AVvXsEhSs-BMdsdBqkKb1CGLKTW3RHDTFV99bBzjMOLGKuD07AZskUcQABcJtptZIvPpt_7Eyce36J3M8mnV0eXRsvNXfBQTPY0q-Aw_Qv7P6uH-hkIgSY_819gHpi7NC3hX1ZS8F4Mypw\/s2048\/presentacion+feira+2011+2.jpg\"><img decoding=\"async\" src=\"https:\/\/blogger.googleusercontent.com\/img\/b\/R29vZ2xl\/AVvXsEhSs-BMdsdBqkKb1CGLKTW3RHDTFV99bBzjMOLGKuD07AZskUcQABcJtptZIvPpt_7Eyce36J3M8mnV0eXRsvNXfBQTPY0q-Aw_Qv7P6uH-hkIgSY_819gHpi7NC3hX1ZS8F4Mypw\/s2048\/presentacion+feira+2011+2.jpg\" alt=\"\" \/><\/a><br \/>\n<a onblur=\"try {parent.deselectBloggerImageGracefully();} catch(e) {}\" href=\"https:\/\/blogger.googleusercontent.com\/img\/b\/R29vZ2xl\/AVvXsEgFdYa0xBvre3xrB6jxBVANA6gdV6PlvQMPClu8mN97oLVI51UUMlS6Wn-fNWBGjnRPcs1iLhBabFfcbJvgmKHYwy5c9JLgsAmsfi53UDwpqmsfbkrJxty9tGOD7BIdk0AzPD_-DQ\/s2048\/2011+feira+lixo.jpg\"><img decoding=\"async\" src=\"https:\/\/blogger.googleusercontent.com\/img\/b\/R29vZ2xl\/AVvXsEgFdYa0xBvre3xrB6jxBVANA6gdV6PlvQMPClu8mN97oLVI51UUMlS6Wn-fNWBGjnRPcs1iLhBabFfcbJvgmKHYwy5c9JLgsAmsfi53UDwpqmsfbkrJxty9tGOD7BIdk0AzPD_-DQ\/s2048\/2011+feira+lixo.jpg\" alt=\"\" \/><\/a><br \/>\nVenres foi a presentaci\u00f3n da <a href=\"http:\/\/feirasdeciencia.wikispaces.com\/XVII+Feira+da+Ciencia+do+IES+Porta+da+Auga\">XVII edici\u00f3n da feira da ciencia de Ribadeo<\/a>. Nahuel, Adri\u00e1n, Miguel, Manuel e Alejandra, que actuou asemade de coordinadora, foron os encargados da s\u00faa presentaci\u00f3n \u00e1 prensa.<br \/>\nTer\u00e1 lugar entre  12 (pola tarde) e 15 (pola ma\u00f1\u00e1) de abril no IES Porta da Auga.<br \/>\nOs periodistas que asistiron, e os membros da instituci\u00f3n educativa xa poideron ver a exposici\u00f3n creativa realizada con materiais recollidos nas praias, co foca equilibrista en posici\u00f3n destacada.<\/p>\n","protected":false},"excerpt":{"rendered":"<p>Venres foi a presentaci\u00f3n da XVII edici\u00f3n da feira da ciencia de Ribadeo. Nahuel, Adri\u00e1n, Miguel, Manuel e Alejandra, que actuou asemade de coordinadora, foron os encargados da s\u00faa presentaci\u00f3n \u00e1 prensa. Ter\u00e1 lugar entre 12 (pola tarde) e 15 (pola ma\u00f1\u00e1) de abril no IES Porta da Auga. Os periodistas que asistiron, e os [&hellip;]<\/p>\n","protected":false},"author":3,"featured_media":0,"comment_status":"open","ping_status":"closed","sticky":false,"template":"","format":"standard","meta":{"activitypub_content_warning":"","activitypub_content_visibility":"","activitypub_max_image_attachments":3,"activitypub_interaction_policy_quote":"anyone","activitypub_status":"federated","footnotes":""},"categories":[1],"tags":[18,9],"class_list":["post-8011","post","type-post","status-publish","format-standard","hentry","category-sen-categoria","tag-educacion","tag-sociedade"],"_links":{"self":[{"href":"https:\/\/blogs.amarinha.gal\/ribadeando\/wp-json\/wp\/v2\/posts\/8011","targetHints":{"allow":["GET"]}}],"collection":[{"href":"https:\/\/blogs.amarinha.gal\/ribadeando\/wp-json\/wp\/v2\/posts"}],"about":[{"href":"https:\/\/blogs.amarinha.gal\/ribadeando\/wp-json\/wp\/v2\/types\/post"}],"author":[{"embeddable":true,"href":"https:\/\/blogs.amarinha.gal\/ribadeando\/wp-json\/wp\/v2\/users\/3"}],"replies":[{"embeddable":true,"href":"https:\/\/blogs.amarinha.gal\/ribadeando\/wp-json\/wp\/v2\/comments?post=8011"}],"version-history":[{"count":0,"href":"https:\/\/blogs.amarinha.gal\/ribadeando\/wp-json\/wp\/v2\/posts\/8011\/revisions"}],"wp:attachment":[{"href":"https:\/\/blogs.amarinha.gal\/ribadeando\/wp-json\/wp\/v2\/media?parent=8011"}],"wp:term":[{"taxonomy":"category","embeddable":true,"href":"https:\/\/blogs.amarinha.gal\/ribadeando\/wp-json\/wp\/v2\/categories?post=8011"},{"taxonomy":"post_tag","embeddable":true,"href":"https:\/\/blogs.amarinha.gal\/ribadeando\/wp-json\/wp\/v2\/tags?post=8011"}],"curies":[{"name":"wp","href":"https:\/\/api.w.org\/{rel}","templated":true}]}}