{"id":8008,"date":"2011-04-12T07:30:00","date_gmt":"2011-04-12T05:30:00","guid":{"rendered":""},"modified":"2024-11-12T14:47:14","modified_gmt":"2024-11-12T13:47:14","slug":"asociacionismo-politico","status":"publish","type":"post","link":"https:\/\/blogs.amarinha.gal\/ribadeando\/2011\/04\/12\/asociacionismo-politico\/","title":{"rendered":"Asociacionismo pol\u00edtico"},"content":{"rendered":"<p>Boa cousa a de asociarse. Parece l\u00f3xico que a xente se asocie para estar m\u00e1is en grupo desfrutando das mesmas cousas entre co\u00f1ecidos, e para lograr ese desfrute. De feito, un dos indicadores de desenvolvemento dunha sociedade est\u00e1 a\u00ed, precisamente no nivel de asociacionismo que ten.<br \/>\nDe calquera xeito, hai sociaci\u00f3ns que poden causar unha sensaci\u00f3n de desasosego vistas desde f\u00f3ra. E non me refiro a asociaci\u00f3ns de maleantes, sen\u00f3n neste caso a asociaci\u00f3ns de pol\u00edticos. Quiz\u00e1is debera dicir de expol\u00edticos, pero non te\u00f1o claro tampouco que debera ser as\u00ed. Hoxe nos xornais aparece a nova de que no IES Gamallo Fierros ter\u00e1 lugar unha <a href=\"http:\/\/www.lavozdegalicia.es\/amarina\/2011\/04\/12\/0003_201104X12C9995.htm\">charla de tres ex-deputados<\/a>, o que pode ser un acto ilustrativo da democracia, pero resulta que a cousa est\u00e1 encadrada nun ciclo de charlas da asociaci\u00f3n de exdeputados. Neste caso, s\u00f3no de tres partidos diferentes.<br \/>\nEst\u00e1 ben que se leven ben, o que axudar\u00e1 \u00e1 cooperaci\u00f3n entre os diversos grupos. Pero entre os pol\u00edticos, nestes temps que corren, unha asociaci\u00f3n en funci\u00f3n de ter pasado por un cargo que conleva privilexios pode dar unha impresi\u00f3n de corporativismo para mantemento de intereses e deses privilexios. Evidentemente, non ten por que ser as\u00ed, pero o que se est\u00e1 vendo en relaci\u00f3n \u00f3s pol\u00edticos, dende as diversas corruptelas \u00e1 Corrupci\u00f3n, pasando por detalles como a bussiness class a Bruxelas, leva cara ese lugar os pensamentos. A concepci\u00f3n da pol\u00edtica sempre pode ir a peor, pero ser\u00eda bo que fora mellorando a partires dos propios actos dos pol\u00edticos. Non vou poder ir \u00e1 charla, pero gustar\u00edame que o acto previsto para hoxe contribu\u00edra a esa necesaria mellora.<\/p>\n","protected":false},"excerpt":{"rendered":"<p>Boa cousa a de asociarse. Parece l\u00f3xico que a xente se asocie para estar m\u00e1is en grupo desfrutando das mesmas cousas entre co\u00f1ecidos, e para lograr ese desfrute. De feito, un dos indicadores de desenvolvemento dunha sociedade est\u00e1 a\u00ed, precisamente no nivel de asociacionismo que ten. De calquera xeito, hai sociaci\u00f3ns que poden causar unha [&hellip;]<\/p>\n","protected":false},"author":3,"featured_media":0,"comment_status":"open","ping_status":"closed","sticky":false,"template":"","format":"standard","meta":{"activitypub_content_warning":"","activitypub_content_visibility":"","activitypub_max_image_attachments":3,"activitypub_interaction_policy_quote":"anyone","activitypub_status":"federated","footnotes":""},"categories":[1],"tags":[13],"class_list":["post-8008","post","type-post","status-publish","format-standard","hentry","category-sen-categoria","tag-politica"],"_links":{"self":[{"href":"https:\/\/blogs.amarinha.gal\/ribadeando\/wp-json\/wp\/v2\/posts\/8008","targetHints":{"allow":["GET"]}}],"collection":[{"href":"https:\/\/blogs.amarinha.gal\/ribadeando\/wp-json\/wp\/v2\/posts"}],"about":[{"href":"https:\/\/blogs.amarinha.gal\/ribadeando\/wp-json\/wp\/v2\/types\/post"}],"author":[{"embeddable":true,"href":"https:\/\/blogs.amarinha.gal\/ribadeando\/wp-json\/wp\/v2\/users\/3"}],"replies":[{"embeddable":true,"href":"https:\/\/blogs.amarinha.gal\/ribadeando\/wp-json\/wp\/v2\/comments?post=8008"}],"version-history":[{"count":0,"href":"https:\/\/blogs.amarinha.gal\/ribadeando\/wp-json\/wp\/v2\/posts\/8008\/revisions"}],"wp:attachment":[{"href":"https:\/\/blogs.amarinha.gal\/ribadeando\/wp-json\/wp\/v2\/media?parent=8008"}],"wp:term":[{"taxonomy":"category","embeddable":true,"href":"https:\/\/blogs.amarinha.gal\/ribadeando\/wp-json\/wp\/v2\/categories?post=8008"},{"taxonomy":"post_tag","embeddable":true,"href":"https:\/\/blogs.amarinha.gal\/ribadeando\/wp-json\/wp\/v2\/tags?post=8008"}],"curies":[{"name":"wp","href":"https:\/\/api.w.org\/{rel}","templated":true}]}}