{"id":8007,"date":"2011-04-13T07:38:00","date_gmt":"2011-04-13T05:38:00","guid":{"rendered":""},"modified":"2024-11-12T14:47:13","modified_gmt":"2024-11-12T13:47:13","slug":"caso-resoo","status":"publish","type":"post","link":"https:\/\/blogs.amarinha.gal\/ribadeando\/2011\/04\/13\/caso-resoo\/","title":{"rendered":"Caso resolto"},"content":{"rendered":"<p><a href=\"http:\/\/www.ribadeo.org\/actualidade\/nova.php?id=722&amp;lg=gal\">Ista volta a soluci\u00f3n foi r\u00e1pida<\/a>. Hai d\u00faas persoas relacionadas xa cos <a href=\"http:\/\/ribadeando.blogspot.com\/2011\/04\/chegaron-os-vandalos-ii.html\">destrozos do cargadoiro<\/a>. 22 anos. Quen? Polo momento, non \u00e9 p\u00fablico.<br \/>\nNas novas, hai algunhas aristas que non se ven patentes nos titulares a primeira vista, a\u00ednda que sexa nova de interior de artigo ou mesmo subt\u00edtulo. Neste caso, destacar\u00eda dous puntos importantes. O primeiro, a colaboraci\u00f3n cidad\u00e1. Non se especifica en que consistiu, pero val\u00f3rase positivamente. Coido que \u00e9 para valorala. Ribadeo vai medrando e cambiando, e a instalaci\u00f3n do pasotismo ou mesmo negativismo aparenta moitas veces que vai tomando forza. Como dic\u00eda hai alg\u00fans d\u00edas \u00c1ngel Alda nun comentario, a\u00ednda estamos a tempo de evitar unha determinada transformaci\u00f3n (a peor). Pero as transformaci\u00f3ns son algo que vai evolucionando pouco a pouco, case sen sentilo, e onde un feito illado non \u00e9 m\u00e1is que iso, e non unha tendencia. Somos o pobo quenes temos que transformalo nesa tendencia, en base \u00e1 repetici\u00f3n.<br \/>\nA segunda, que costas mant\u00e9n a propiedade, mesmo fai unha valoraci\u00f3n dos danos lev\u00e1ndoos a 24 000 \u20ac, pero non paga, por ser o concello o encargado do mantemento. Por outra banda, na nota de prensa da alcald\u00eda ap\u00fantase a unha restituci\u00f3n por parte dos causantes. V\u00e9se que as cousas van abondo m\u00e1is r\u00e1pido neste caso que no das vidrieiras do cemiterio, dun monto econ\u00f3mico que estimo unha orde de magnitude maior, e do que haber\u00e1 que seguir a falar, evitando o esquecemento. Neste caso, como se pretende que quen pague sexa un terceiro, non unha das entidades que reparten propiedade e mantemento, \u00e9 de esperar que a cousa vaia m\u00e1is r\u00e1pida que a ponte en Arante, con tres administraci\u00f3ns implicadas a parte de permisos da confederaci\u00f3n hidrogr\u00e1fica, e que acumulou un retraso de posta en marcha tendo como consecuencia a incomunicaci\u00f3n dunha zona do concello.<\/p>\n","protected":false},"excerpt":{"rendered":"<p>Ista volta a soluci\u00f3n foi r\u00e1pida. Hai d\u00faas persoas relacionadas xa cos destrozos do cargadoiro. 22 anos. Quen? Polo momento, non \u00e9 p\u00fablico. Nas novas, hai algunhas aristas que non se ven patentes nos titulares a primeira vista, a\u00ednda que sexa nova de interior de artigo ou mesmo subt\u00edtulo. Neste caso, destacar\u00eda dous puntos importantes. [&hellip;]<\/p>\n","protected":false},"author":3,"featured_media":0,"comment_status":"open","ping_status":"closed","sticky":false,"template":"","format":"standard","meta":{"activitypub_content_warning":"","activitypub_content_visibility":"","activitypub_max_image_attachments":3,"activitypub_interaction_policy_quote":"anyone","activitypub_status":"federated","footnotes":""},"categories":[1],"tags":[9],"class_list":["post-8007","post","type-post","status-publish","format-standard","hentry","category-sen-categoria","tag-sociedade"],"_links":{"self":[{"href":"https:\/\/blogs.amarinha.gal\/ribadeando\/wp-json\/wp\/v2\/posts\/8007","targetHints":{"allow":["GET"]}}],"collection":[{"href":"https:\/\/blogs.amarinha.gal\/ribadeando\/wp-json\/wp\/v2\/posts"}],"about":[{"href":"https:\/\/blogs.amarinha.gal\/ribadeando\/wp-json\/wp\/v2\/types\/post"}],"author":[{"embeddable":true,"href":"https:\/\/blogs.amarinha.gal\/ribadeando\/wp-json\/wp\/v2\/users\/3"}],"replies":[{"embeddable":true,"href":"https:\/\/blogs.amarinha.gal\/ribadeando\/wp-json\/wp\/v2\/comments?post=8007"}],"version-history":[{"count":0,"href":"https:\/\/blogs.amarinha.gal\/ribadeando\/wp-json\/wp\/v2\/posts\/8007\/revisions"}],"wp:attachment":[{"href":"https:\/\/blogs.amarinha.gal\/ribadeando\/wp-json\/wp\/v2\/media?parent=8007"}],"wp:term":[{"taxonomy":"category","embeddable":true,"href":"https:\/\/blogs.amarinha.gal\/ribadeando\/wp-json\/wp\/v2\/categories?post=8007"},{"taxonomy":"post_tag","embeddable":true,"href":"https:\/\/blogs.amarinha.gal\/ribadeando\/wp-json\/wp\/v2\/tags?post=8007"}],"curies":[{"name":"wp","href":"https:\/\/api.w.org\/{rel}","templated":true}]}}