{"id":8006,"date":"2011-04-14T07:35:00","date_gmt":"2011-04-14T05:35:00","guid":{"rendered":""},"modified":"2024-11-12T14:47:11","modified_gmt":"2024-11-12T13:47:11","slug":"80-anos-da-ii-republica-espanola","status":"publish","type":"post","link":"https:\/\/blogs.amarinha.gal\/ribadeando\/2011\/04\/14\/80-anos-da-ii-republica-espanola\/","title":{"rendered":"80 anos da II Rep\u00fablica Espa\u00f1ola"},"content":{"rendered":"<p><a onblur=\"try {parent.deselectBloggerImageGracefully();} catch(e) {}\" href=\"https:\/\/blogger.googleusercontent.com\/img\/b\/R29vZ2xl\/AVvXsEik3aP67XlxvSr-o9bgTBalu8ZGbOMaNtHGprPgjgInvvnDyB9Y3vVRQVLiYNF5GpQ1bUKqIxjbIrvRfI5qy2_hW82QXEQRJDSoy5eUbYyZ1VmQdpBG6IO_Mw6weqw-iFNG3vso_g\/s2048\/Bandeira+da+rep%25C3%25BAblica.jpg\"><img decoding=\"async\" src=\"https:\/\/blogger.googleusercontent.com\/img\/b\/R29vZ2xl\/AVvXsEik3aP67XlxvSr-o9bgTBalu8ZGbOMaNtHGprPgjgInvvnDyB9Y3vVRQVLiYNF5GpQ1bUKqIxjbIrvRfI5qy2_hW82QXEQRJDSoy5eUbYyZ1VmQdpBG6IO_Mw6weqw-iFNG3vso_g\/s2048\/Bandeira+da+rep%25C3%25BAblica.jpg\" alt=\"\" \/><\/a><br \/>\nHoxe c\u00famprense os 80 anos da proclamaci\u00f3n da <a href=\"http:\/\/gl.wikipedia.org\/wiki\/II_Rep%C3%BAblica_Espa%C3%B1ola\">II Rep\u00fablica Espa\u00f1ola<\/a>. Coido que o mero feito da s\u00faa proclamaci\u00f3n ata a eliminaci\u00f3n a ra\u00edz do golpe de estado do 1936-39 merece unha lembranza. Non sei como andar\u00e1 hoxe o &#8216;balance de forzas&#8217; entre a xente que prefire a monarqu\u00eda e a que prefire a rep\u00fablica, e o espazo\/tempo hoxe non da para discutir pros e contras tando da historia da republico como dunha posible rep\u00fablica actual, pero quiz\u00e1is non estar\u00eda de m\u00e1is lembrar que nos poucos anos que durou fixo posible o voto feminino ou un avance significativo en educaci\u00f3n, cousas ambas que se perderon a continuaci\u00f3n. O himno:<br \/>\n<iframe loading=\"lazy\" title=\"YouTube video player\" src=\"http:\/\/www.youtube.com\/embed\/vFYgsaf-xYc\" allowfullscreen=\"\" frameborder=\"0\" height=\"390\" width=\"480\"><\/iframe><br \/>\nA bandeira est\u00e1 reducida a partires da que aparece na gl.wikipedia.org<\/p>\n","protected":false},"excerpt":{"rendered":"<p>Hoxe c\u00famprense os 80 anos da proclamaci\u00f3n da II Rep\u00fablica Espa\u00f1ola. Coido que o mero feito da s\u00faa proclamaci\u00f3n ata a eliminaci\u00f3n a ra\u00edz do golpe de estado do 1936-39 merece unha lembranza. Non sei como andar\u00e1 hoxe o &#8216;balance de forzas&#8217; entre a xente que prefire a monarqu\u00eda e a que prefire a rep\u00fablica, [&hellip;]<\/p>\n","protected":false},"author":3,"featured_media":0,"comment_status":"open","ping_status":"closed","sticky":false,"template":"","format":"standard","meta":{"activitypub_content_warning":"","activitypub_content_visibility":"","activitypub_max_image_attachments":3,"activitypub_interaction_policy_quote":"anyone","activitypub_status":"federated","footnotes":""},"categories":[1],"tags":[13],"class_list":["post-8006","post","type-post","status-publish","format-standard","hentry","category-sen-categoria","tag-politica"],"_links":{"self":[{"href":"https:\/\/blogs.amarinha.gal\/ribadeando\/wp-json\/wp\/v2\/posts\/8006","targetHints":{"allow":["GET"]}}],"collection":[{"href":"https:\/\/blogs.amarinha.gal\/ribadeando\/wp-json\/wp\/v2\/posts"}],"about":[{"href":"https:\/\/blogs.amarinha.gal\/ribadeando\/wp-json\/wp\/v2\/types\/post"}],"author":[{"embeddable":true,"href":"https:\/\/blogs.amarinha.gal\/ribadeando\/wp-json\/wp\/v2\/users\/3"}],"replies":[{"embeddable":true,"href":"https:\/\/blogs.amarinha.gal\/ribadeando\/wp-json\/wp\/v2\/comments?post=8006"}],"version-history":[{"count":0,"href":"https:\/\/blogs.amarinha.gal\/ribadeando\/wp-json\/wp\/v2\/posts\/8006\/revisions"}],"wp:attachment":[{"href":"https:\/\/blogs.amarinha.gal\/ribadeando\/wp-json\/wp\/v2\/media?parent=8006"}],"wp:term":[{"taxonomy":"category","embeddable":true,"href":"https:\/\/blogs.amarinha.gal\/ribadeando\/wp-json\/wp\/v2\/categories?post=8006"},{"taxonomy":"post_tag","embeddable":true,"href":"https:\/\/blogs.amarinha.gal\/ribadeando\/wp-json\/wp\/v2\/tags?post=8006"}],"curies":[{"name":"wp","href":"https:\/\/api.w.org\/{rel}","templated":true}]}}