{"id":8005,"date":"2011-04-15T07:29:00","date_gmt":"2011-04-15T05:29:00","guid":{"rendered":""},"modified":"2024-11-12T14:47:10","modified_gmt":"2024-11-12T13:47:10","slug":"venres-2","status":"publish","type":"post","link":"https:\/\/blogs.amarinha.gal\/ribadeando\/2011\/04\/15\/venres-2\/","title":{"rendered":"Venres &#8230;"},"content":{"rendered":"<p>Hoxe a mediod\u00eda remata a <a href=\"http:\/\/feirasdeciencia.wikispaces.com\/XVII+Feira+da+Ciencia+do+IES+Porta+da+Auga\">XVII Feira da Ciencia de Ribadeo<\/a>, <a href=\"http:\/\/ribadeando.blogspot.com\/2011\/04\/presentacion-da-xvii-feira-da-ciencia.html\">inaugurada o martes<\/a>, mentras <a href=\"http:\/\/www.lavozdegalicia.es\/amarina\/2011\/04\/15\/0003_201104X15C10991.htm\">comeza a extenderse a banda ancha polo rural da zona<\/a>, que a estaba necesitando. E remata a serie de &#8216;actos preparatorios&#8217; \u00e1 semana santa ribadense, coa primeira procesi\u00f3n, a da Virxe das Dores, \u00e1s oito da tarde, tendo ma\u00f1\u00e1 o preg\u00f3n da semana a cargo do Bispo de Lugo, Mons. D. Alfonso Carrasco Rouco. Espero que o fin da feira me deixe un pouco de tempo para poder colgar ma\u00f1\u00e1 o tr\u00edptico e o libro editados con ocasi\u00f3n da SS2011.<br \/>\nPero hoxe a nove Ribadeo non est\u00e1 en Ribadeo, sen\u00f3n en Foz. Hai xa tempo que <a href=\"http:\/\/ribadeando.blogspot.com\/2009\/04\/presencia-da-sgae.html\">saiu no blog e O Tes\u00f3n recolleu e apuntou \u00f3 concello que o pago \u00e1 SGAE en Ribadeo parec\u00eda avultado<\/a>. En Ribadeo, as respostas \u00e1s preguntas de O Tes\u00f3n recolleron que pod\u00edase ir xudicialmente contra o pago \u00e1 SGAE, pero sempre se perd\u00eda. Pois a cousa \u00e9 que non sempre \u00e9 as\u00ed, nin moito menos, e <a href=\"http:\/\/www.lavozdegalicia.es\/amarina\/2011\/04\/15\/0003_201104X15C3991.htm\">en Foz rem\u00e1tase de demostrar<\/a> unha vez m\u00e1is, a\u00ednda que a postura de foz non \u00e9 exactamente a que se reclamaba para Ribadeo. Seguir\u00e1 pagando Ribadeo cantidades avultadas?<br \/>\nSobre o tema da SGAE:<br \/>\n<a href=\"http:\/\/ribadeando.blogspot.com\/2009\/03\/pleno-de-16-de-marzo-de-2009-ii.html\">Resposta no pleno<\/a><br \/>\n<a href=\"http:\/\/ribadeando.blogspot.com\/2008\/01\/copiando.html\">Copando<\/a><br \/>\n<a href=\"http:\/\/ribadeando.blogspot.com\/2008\/01\/copiando.html\">Comentarios<\/a><br \/>\n<a href=\"http:\/\/ribadeando.blogspot.com\/2008\/05\/marcando-pautas.html\">Marcando pautas<\/a><br \/>\n<a href=\"http:\/\/ribadeando.blogspot.com\/2010\/01\/unha-proposta-para-tesoureria-do.html\">Unha proposta para a tesourer\u00eda do concello<\/a><br \/>\n<a href=\"http:\/\/ribadeando.blogspot.com\/2007\/11\/pleno-13-e-fin.html\">A SGAE no orzamento<\/a><br \/>\n<a href=\"http:\/\/ribadeando.blogspot.com\/2009\/11\/sociedade-xeral-de-autores-e-editores.html\">Protesta da alcald\u00eda<\/a><br \/>\n<a href=\"http:\/\/ribadeando.blogspot.com\/2009\/03\/novas-do-concello_19.html\">Unha execuci\u00f3n do pago<\/a><br \/>\n<a href=\"http:\/\/ribadeando.blogspot.com\/2009\/03\/en-galego-en-castelan-en-escrito-e-para.html\">Un escrito de JL Sampedro<\/a><br \/>\n<a href=\"http:\/\/ribadeando.blogspot.com\/2009\/05\/e-onte-pleno-ordinario-ii.html\">Unha petici\u00f3n do PP no pleno<\/a><br \/>\n<a href=\"http:\/\/ribadeando.blogspot.com\/2009\/09\/pleno-por-fases.html\">Tam\u00e9n UPRi<\/a><br \/>\n&#8230; e moitas m\u00e1is<\/p>\n","protected":false},"excerpt":{"rendered":"<p>Hoxe a mediod\u00eda remata a XVII Feira da Ciencia de Ribadeo, inaugurada o martes, mentras comeza a extenderse a banda ancha polo rural da zona, que a estaba necesitando. E remata a serie de &#8216;actos preparatorios&#8217; \u00e1 semana santa ribadense, coa primeira procesi\u00f3n, a da Virxe das Dores, \u00e1s oito da tarde, tendo ma\u00f1\u00e1 o [&hellip;]<\/p>\n","protected":false},"author":3,"featured_media":0,"comment_status":"open","ping_status":"closed","sticky":false,"template":"","format":"standard","meta":{"activitypub_content_warning":"","activitypub_content_visibility":"","activitypub_max_image_attachments":3,"activitypub_interaction_policy_quote":"anyone","activitypub_status":"federated","footnotes":""},"categories":[1],"tags":[21,74,9],"class_list":["post-8005","post","type-post","status-publish","format-standard","hentry","category-sen-categoria","tag-economia","tag-o-teson","tag-sociedade"],"_links":{"self":[{"href":"https:\/\/blogs.amarinha.gal\/ribadeando\/wp-json\/wp\/v2\/posts\/8005","targetHints":{"allow":["GET"]}}],"collection":[{"href":"https:\/\/blogs.amarinha.gal\/ribadeando\/wp-json\/wp\/v2\/posts"}],"about":[{"href":"https:\/\/blogs.amarinha.gal\/ribadeando\/wp-json\/wp\/v2\/types\/post"}],"author":[{"embeddable":true,"href":"https:\/\/blogs.amarinha.gal\/ribadeando\/wp-json\/wp\/v2\/users\/3"}],"replies":[{"embeddable":true,"href":"https:\/\/blogs.amarinha.gal\/ribadeando\/wp-json\/wp\/v2\/comments?post=8005"}],"version-history":[{"count":0,"href":"https:\/\/blogs.amarinha.gal\/ribadeando\/wp-json\/wp\/v2\/posts\/8005\/revisions"}],"wp:attachment":[{"href":"https:\/\/blogs.amarinha.gal\/ribadeando\/wp-json\/wp\/v2\/media?parent=8005"}],"wp:term":[{"taxonomy":"category","embeddable":true,"href":"https:\/\/blogs.amarinha.gal\/ribadeando\/wp-json\/wp\/v2\/categories?post=8005"},{"taxonomy":"post_tag","embeddable":true,"href":"https:\/\/blogs.amarinha.gal\/ribadeando\/wp-json\/wp\/v2\/tags?post=8005"}],"curies":[{"name":"wp","href":"https:\/\/api.w.org\/{rel}","templated":true}]}}