{"id":8001,"date":"2011-04-18T12:17:00","date_gmt":"2011-04-18T10:17:00","guid":{"rendered":""},"modified":"2024-11-12T14:46:58","modified_gmt":"2024-11-12T13:46:58","slug":"cemiterio-civil","status":"publish","type":"post","link":"https:\/\/blogs.amarinha.gal\/ribadeando\/2011\/04\/18\/cemiterio-civil\/","title":{"rendered":"Cemiterio civil"},"content":{"rendered":"<p><a onblur=\"try {parent.deselectBloggerImageGracefully();} catch(e) {}\" href=\"https:\/\/blogger.googleusercontent.com\/img\/b\/R29vZ2xl\/AVvXsEitbY64mJXZibRekNt2GtS3bTP7ZdA9z957S3nUfzxHJVsi-GwvoDDv-QtsZcJhx_n_DKhXJ68Zd8H1gamaQy5pJuefY19dHg7sYkQkcVq_MEOYGbxlZvOTxXEICzPa1F47yhJf3Q\/s2048\/cemiterio+civil.jpg\"><img decoding=\"async\" src=\"https:\/\/blogger.googleusercontent.com\/img\/b\/R29vZ2xl\/AVvXsEitbY64mJXZibRekNt2GtS3bTP7ZdA9z957S3nUfzxHJVsi-GwvoDDv-QtsZcJhx_n_DKhXJ68Zd8H1gamaQy5pJuefY19dHg7sYkQkcVq_MEOYGbxlZvOTxXEICzPa1F47yhJf3Q\/s2048\/cemiterio+civil.jpg\" alt=\"\" \/><\/a>O cemiterio de Ribadeo, coa s\u00faa disposici\u00f3n, extensi\u00f3n, paseo entre o pobo e o cemiterio, etc \u00e9 caracter\u00edstico. A capela, a parte da s\u00faa relevancia como tal, esta tempada ten sobre de si o destrozo das vidrieiras, que non se esquecer\u00e1 en moito tempo.<br \/>\nNa foto tomada do Sigpac (o norte, cara enrriba, e vese o paseo do cemiterio, o acceso sur por estrada atar Ribadeo, \u00e1 altura do entronque para Mirasol, e un pouco da zona dos bloques) poden observarse, marcada cun punto vermello, a situaci\u00f3n da capela, marcada cun punto azul, a porta principal, e cunha frecha, un espazo que racha coa simetr\u00eda do conxunto. Na punta da frecha hai unha porta que non soe estar aberta nunca. Onte houbo quen me contou unha cousa da historia desta parte. O &#8216;anexo&#8217; era outro cemiterio, o cemiterio civil, onde se enterraban os non cat\u00f3licos. Supo\u00f1o que haber\u00e1 xente da que lee o blog que saber\u00e1 abondo m\u00e1is do tema, cando foi feito, cando foi anexionado \u00f3 resto, etc. A cousa \u00e9 que hoxe \u00e9 unha parte m\u00e1is, lateral, rara, do cemiterio xeral, onde tam\u00e9n, \u00e1 beira dos lugares ocupados por xente alle \u00e1s crenzas cat\u00f3licas, est\u00e1 o conxunto de nichos das fenecidas dunha orde relixiosa. A morte iguala e pasa por riba de crenzas, facendo vici\u00f1anzas \u00e1s veces ins\u00f3litas.<\/p>\n","protected":false},"excerpt":{"rendered":"<p>O cemiterio de Ribadeo, coa s\u00faa disposici\u00f3n, extensi\u00f3n, paseo entre o pobo e o cemiterio, etc \u00e9 caracter\u00edstico. A capela, a parte da s\u00faa relevancia como tal, esta tempada ten sobre de si o destrozo das vidrieiras, que non se esquecer\u00e1 en moito tempo. Na foto tomada do Sigpac (o norte, cara enrriba, e vese [&hellip;]<\/p>\n","protected":false},"author":3,"featured_media":0,"comment_status":"open","ping_status":"closed","sticky":false,"template":"","format":"standard","meta":{"activitypub_content_warning":"","activitypub_content_visibility":"","activitypub_max_image_attachments":3,"activitypub_interaction_policy_quote":"anyone","activitypub_status":"federate","footnotes":""},"categories":[1],"tags":[9],"class_list":["post-8001","post","type-post","status-publish","format-standard","hentry","category-sen-categoria","tag-sociedade"],"_links":{"self":[{"href":"https:\/\/blogs.amarinha.gal\/ribadeando\/wp-json\/wp\/v2\/posts\/8001","targetHints":{"allow":["GET"]}}],"collection":[{"href":"https:\/\/blogs.amarinha.gal\/ribadeando\/wp-json\/wp\/v2\/posts"}],"about":[{"href":"https:\/\/blogs.amarinha.gal\/ribadeando\/wp-json\/wp\/v2\/types\/post"}],"author":[{"embeddable":true,"href":"https:\/\/blogs.amarinha.gal\/ribadeando\/wp-json\/wp\/v2\/users\/3"}],"replies":[{"embeddable":true,"href":"https:\/\/blogs.amarinha.gal\/ribadeando\/wp-json\/wp\/v2\/comments?post=8001"}],"version-history":[{"count":0,"href":"https:\/\/blogs.amarinha.gal\/ribadeando\/wp-json\/wp\/v2\/posts\/8001\/revisions"}],"wp:attachment":[{"href":"https:\/\/blogs.amarinha.gal\/ribadeando\/wp-json\/wp\/v2\/media?parent=8001"}],"wp:term":[{"taxonomy":"category","embeddable":true,"href":"https:\/\/blogs.amarinha.gal\/ribadeando\/wp-json\/wp\/v2\/categories?post=8001"},{"taxonomy":"post_tag","embeddable":true,"href":"https:\/\/blogs.amarinha.gal\/ribadeando\/wp-json\/wp\/v2\/tags?post=8001"}],"curies":[{"name":"wp","href":"https:\/\/api.w.org\/{rel}","templated":true}]}}