{"id":8000,"date":"2011-04-19T10:09:00","date_gmt":"2011-04-19T08:09:00","guid":{"rendered":""},"modified":"2024-11-12T14:46:57","modified_gmt":"2024-11-12T13:46:57","slug":"ramos","status":"publish","type":"post","link":"https:\/\/blogs.amarinha.gal\/ribadeando\/2011\/04\/19\/ramos\/","title":{"rendered":"Ramos"},"content":{"rendered":"<p><a onblur=\"try {parent.deselectBloggerImageGracefully();} catch(e) {}\" href=\"https:\/\/blogger.googleusercontent.com\/img\/b\/R29vZ2xl\/AVvXsEjHAAHR8ql2V-wnpxPN5mtpUBDVpUkErKwaxCKX1dFr1K1FQlZZDUhKRM2k8qsG3DZdX2NEecQJEuh8kT9rKYMXtKhtCtzFFKNTFyECYUN7Ve67Mel-gDgjTyZEcScrgrfA41-Ugg\/s2048\/ramos+1.jpg\"><img decoding=\"async\" src=\"https:\/\/blogger.googleusercontent.com\/img\/b\/R29vZ2xl\/AVvXsEjHAAHR8ql2V-wnpxPN5mtpUBDVpUkErKwaxCKX1dFr1K1FQlZZDUhKRM2k8qsG3DZdX2NEecQJEuh8kT9rKYMXtKhtCtzFFKNTFyECYUN7Ve67Mel-gDgjTyZEcScrgrfA41-Ugg\/s2048\/ramos+1.jpg\" alt=\"\" \/><\/a><br \/>\n<a onblur=\"try {parent.deselectBloggerImageGracefully();} catch(e) {}\" href=\"https:\/\/blogger.googleusercontent.com\/img\/b\/R29vZ2xl\/AVvXsEizSGAoqASjAXo5m7Fv7aRDlWrq1tgJwepA9j_NmjDyiHQTd03r6-ykOf4ZgMCjg31TtqPXnEeJVyfAiWY5UBpWvANzE8Op-X0feQV2bFy4CQGMY5gvXAs8_jZsLDR5YJqtluxP9A\/s2048\/ramos+2.jpg\"><img decoding=\"async\" src=\"https:\/\/blogger.googleusercontent.com\/img\/b\/R29vZ2xl\/AVvXsEizSGAoqASjAXo5m7Fv7aRDlWrq1tgJwepA9j_NmjDyiHQTd03r6-ykOf4ZgMCjg31TtqPXnEeJVyfAiWY5UBpWvANzE8Op-X0feQV2bFy4CQGMY5gvXAs8_jZsLDR5YJqtluxP9A\/s2048\/ramos+2.jpg\" alt=\"\" \/><\/a><br \/>\nFoi o domingo, claro. Na praza de abaixo, a bendici\u00f3n dos ramos. A praza, chea como soe nestes casos. Chama a atenci\u00f3n a diferenza visual entre o antes (e despois) da bendici\u00f3n e o durante. Coido que polas d\u00faas fotograf\u00edas, a\u00ednda de diferentes lugares, pode verse claro. E un detalle, dentro da profusi\u00f3n de ramas, o ver que as palmas, cos anos, quedaron reducidas a ser portadas por cativi\u00f1os de primeira comuni\u00f3n ou os porteadores. Foi proceso lento, peqoe que quiz\u00e1is se axilizou estes \u00faltimos anos.<br \/>\nDe calquera xeito, \u00f3 ver a bendici\u00f3n, cabe preguntarse sobre a relaci\u00f3n coa natureza da xente que promoveu a base desta manifestaci\u00f3n e a actualidade. Con elo ir\u00edan tam\u00e9n outras cousas inseparables, como a mentalidade de liberaci\u00f3n (da entrada de Xes\u00fas en Xerusal\u00e9m) ou o sentido -e sentemento- relixioso atraverso da historia dende a xeraci\u00f3n do rito ata os nosos d\u00edas.<\/p>\n","protected":false},"excerpt":{"rendered":"<p>Foi o domingo, claro. Na praza de abaixo, a bendici\u00f3n dos ramos. A praza, chea como soe nestes casos. Chama a atenci\u00f3n a diferenza visual entre o antes (e despois) da bendici\u00f3n e o durante. Coido que polas d\u00faas fotograf\u00edas, a\u00ednda de diferentes lugares, pode verse claro. E un detalle, dentro da profusi\u00f3n de ramas, [&hellip;]<\/p>\n","protected":false},"author":3,"featured_media":0,"comment_status":"open","ping_status":"closed","sticky":false,"template":"","format":"standard","meta":{"activitypub_content_warning":"","activitypub_content_visibility":"","activitypub_max_image_attachments":3,"activitypub_interaction_policy_quote":"anyone","activitypub_status":"federate","footnotes":""},"categories":[1],"tags":[9],"class_list":["post-8000","post","type-post","status-publish","format-standard","hentry","category-sen-categoria","tag-sociedade"],"_links":{"self":[{"href":"https:\/\/blogs.amarinha.gal\/ribadeando\/wp-json\/wp\/v2\/posts\/8000","targetHints":{"allow":["GET"]}}],"collection":[{"href":"https:\/\/blogs.amarinha.gal\/ribadeando\/wp-json\/wp\/v2\/posts"}],"about":[{"href":"https:\/\/blogs.amarinha.gal\/ribadeando\/wp-json\/wp\/v2\/types\/post"}],"author":[{"embeddable":true,"href":"https:\/\/blogs.amarinha.gal\/ribadeando\/wp-json\/wp\/v2\/users\/3"}],"replies":[{"embeddable":true,"href":"https:\/\/blogs.amarinha.gal\/ribadeando\/wp-json\/wp\/v2\/comments?post=8000"}],"version-history":[{"count":0,"href":"https:\/\/blogs.amarinha.gal\/ribadeando\/wp-json\/wp\/v2\/posts\/8000\/revisions"}],"wp:attachment":[{"href":"https:\/\/blogs.amarinha.gal\/ribadeando\/wp-json\/wp\/v2\/media?parent=8000"}],"wp:term":[{"taxonomy":"category","embeddable":true,"href":"https:\/\/blogs.amarinha.gal\/ribadeando\/wp-json\/wp\/v2\/categories?post=8000"},{"taxonomy":"post_tag","embeddable":true,"href":"https:\/\/blogs.amarinha.gal\/ribadeando\/wp-json\/wp\/v2\/tags?post=8000"}],"curies":[{"name":"wp","href":"https:\/\/api.w.org\/{rel}","templated":true}]}}