{"id":7997,"date":"2011-04-21T11:59:00","date_gmt":"2011-04-21T09:59:00","guid":{"rendered":""},"modified":"2024-11-12T14:46:53","modified_gmt":"2024-11-12T13:46:53","slug":"votar-onde-se-vive-vivir-onde-se-vota","status":"publish","type":"post","link":"https:\/\/blogs.amarinha.gal\/ribadeando\/2011\/04\/21\/votar-onde-se-vive-vivir-onde-se-vota\/","title":{"rendered":"Votar onde se vive, vivir onde se vota"},"content":{"rendered":"<p><a onblur=\"try {parent.deselectBloggerImageGracefully();} catch(e) {}\" href=\"https:\/\/blogger.googleusercontent.com\/img\/b\/R29vZ2xl\/AVvXsEia4vBSbheTCZNWXRm7jZl1JA4-99WZmUA-437MZMXJBl6337pukvyXR7KAGiDsyHaQO0GIzSSZxxaH1ixZnpknaxto-vVXQz_86hsbGeYMc4Q2JHWSR8BVbZ568gRW8C7jQYDN4Q\/s2048\/Ribadeo+aereo.jpg\"><img decoding=\"async\" src=\"https:\/\/blogger.googleusercontent.com\/img\/b\/R29vZ2xl\/AVvXsEia4vBSbheTCZNWXRm7jZl1JA4-99WZmUA-437MZMXJBl6337pukvyXR7KAGiDsyHaQO0GIzSSZxxaH1ixZnpknaxto-vVXQz_86hsbGeYMc4Q2JHWSR8BVbZ568gRW8C7jQYDN4Q\/s2048\/Ribadeo+aereo.jpg\" alt=\"\" \/><\/a><br \/>\nHai xa alg\u00fan tempo, un pequeno artigo f\u00edxome caer na conta dun principio elemental no que se asenta o voto na democracia dos estados: o principio de territorialidade. \u00c9 dicir, poderemos votar por internet dende as ant\u00edpodas, pero podemos facelo pola nosa ligaz\u00f3n a un terru\u00f1o. \u00c9 algo de perogrullo que non ter\u00eda por que ser as\u00ed, pero que est\u00e1 claro que polo momento non vai cambiar. As\u00ed, nas pr\u00f3ximas municipais, cadaqu\u00e9n vota no concello no que est\u00e1 empadroado. E ata aqu\u00ed, a &#8216;ra\u00edz&#8217; do voto.<br \/>\nCoido que, unha vez sabido que se pode exercer o dereito de voto, \u00e9 m\u00e1is importante a segunda parte, que \u00e1 vista de moitas situaci\u00f3ns, parce que se esquece con frecuencia: v\u00edvese onde se vota, ou mellor, onde se pode votar, pois a abstenci\u00f3n significa o exercicio do dereito de  voto dun xeito particular (o significado concreto depende dese se fai por pasotismo, desenga\u00f1o, resistencia, activismo, &#8230; mesmo l\u00e9vome plantexando dende hai tempo o activismo pro abstenci\u00f3n, pero eso toca outro d\u00eda, en tal caso).  Vivir onde se vota &#8230; depende ben do noso propio exercico de dereitos que sexa un suplicio ou un disfrute, tendo claro que en democracia, non \u00e9 o noso \u00fanico dereito, como hai xente que nos quere facer creer.<br \/>\nPor certo, na vista a\u00e9rea do concello, a mancha branca preto do pobo \u00e9 o pol\u00edgono industrial, a\u00ednda en construcci\u00f3n.<\/p>\n","protected":false},"excerpt":{"rendered":"<p>Hai xa alg\u00fan tempo, un pequeno artigo f\u00edxome caer na conta dun principio elemental no que se asenta o voto na democracia dos estados: o principio de territorialidade. \u00c9 dicir, poderemos votar por internet dende as ant\u00edpodas, pero podemos facelo pola nosa ligaz\u00f3n a un terru\u00f1o. \u00c9 algo de perogrullo que non ter\u00eda por que [&hellip;]<\/p>\n","protected":false},"author":3,"featured_media":0,"comment_status":"open","ping_status":"closed","sticky":false,"template":"","format":"standard","meta":{"activitypub_content_warning":"","activitypub_content_visibility":"","activitypub_max_image_attachments":3,"activitypub_interaction_policy_quote":"anyone","activitypub_status":"federate","footnotes":""},"categories":[1],"tags":[13],"class_list":["post-7997","post","type-post","status-publish","format-standard","hentry","category-sen-categoria","tag-politica"],"_links":{"self":[{"href":"https:\/\/blogs.amarinha.gal\/ribadeando\/wp-json\/wp\/v2\/posts\/7997","targetHints":{"allow":["GET"]}}],"collection":[{"href":"https:\/\/blogs.amarinha.gal\/ribadeando\/wp-json\/wp\/v2\/posts"}],"about":[{"href":"https:\/\/blogs.amarinha.gal\/ribadeando\/wp-json\/wp\/v2\/types\/post"}],"author":[{"embeddable":true,"href":"https:\/\/blogs.amarinha.gal\/ribadeando\/wp-json\/wp\/v2\/users\/3"}],"replies":[{"embeddable":true,"href":"https:\/\/blogs.amarinha.gal\/ribadeando\/wp-json\/wp\/v2\/comments?post=7997"}],"version-history":[{"count":0,"href":"https:\/\/blogs.amarinha.gal\/ribadeando\/wp-json\/wp\/v2\/posts\/7997\/revisions"}],"wp:attachment":[{"href":"https:\/\/blogs.amarinha.gal\/ribadeando\/wp-json\/wp\/v2\/media?parent=7997"}],"wp:term":[{"taxonomy":"category","embeddable":true,"href":"https:\/\/blogs.amarinha.gal\/ribadeando\/wp-json\/wp\/v2\/categories?post=7997"},{"taxonomy":"post_tag","embeddable":true,"href":"https:\/\/blogs.amarinha.gal\/ribadeando\/wp-json\/wp\/v2\/tags?post=7997"}],"curies":[{"name":"wp","href":"https:\/\/api.w.org\/{rel}","templated":true}]}}