{"id":7994,"date":"2011-04-22T12:58:00","date_gmt":"2011-04-22T10:58:00","guid":{"rendered":""},"modified":"2024-11-12T14:46:48","modified_gmt":"2024-11-12T13:46:48","slug":"pronostico-e-mais-verbas","status":"publish","type":"post","link":"https:\/\/blogs.amarinha.gal\/ribadeando\/2011\/04\/22\/pronostico-e-mais-verbas\/","title":{"rendered":"Progn\u00f3stico e m\u00e1is verbas"},"content":{"rendered":"<p><a href=\"https:\/\/blogger.googleusercontent.com\/img\/b\/R29vZ2xl\/AVvXsEhIjGGDZQGX-VAHkPXqqVporfZzBsch_aKmpPn6Q-8WccuadsuyaRh32GFrnwebLGxAkQo3ms5L65CYIk_xIQ9JCG69H6GejT4yThpvTwZCs26kbCmB6T7I2GoNk4jRMBqq3fe9vg\/s2048\/Juanin+varada.jpg\" onblur=\"try {parent.deselectBloggerImageGracefully();} catch(e) {}\"><img decoding=\"async\" alt=\"\" src=\"https:\/\/blogger.googleusercontent.com\/img\/b\/R29vZ2xl\/AVvXsEhIjGGDZQGX-VAHkPXqqVporfZzBsch_aKmpPn6Q-8WccuadsuyaRh32GFrnwebLGxAkQo3ms5L65CYIk_xIQ9JCG69H6GejT4yThpvTwZCs26kbCmB6T7I2GoNk4jRMBqq3fe9vg\/s2048\/Juanin+varada.jpg\" \/><\/a><\/p>\n<p><a href=\"https:\/\/blogger.googleusercontent.com\/img\/b\/R29vZ2xl\/AVvXsEhQkID7uoP8TNCoFjDX0JxTXpmhPoNaAM17tdBmTGk0TaQ7EFJl_rxu2Y4FtwLixFUKuxbKN5Qugi4swrhluxzvrTQu4_zZkM8UyBGwTPMBcvBwr3eAkwt4sporKp1UMLXi_Dt9Zg\/s2048\/rotonda+con+Juanin.jpg\" onblur=\"try {parent.deselectBloggerImageGracefully();} catch(e) {}\"><img decoding=\"async\" alt=\"\" src=\"https:\/\/blogger.googleusercontent.com\/img\/b\/R29vZ2xl\/AVvXsEhQkID7uoP8TNCoFjDX0JxTXpmhPoNaAM17tdBmTGk0TaQ7EFJl_rxu2Y4FtwLixFUKuxbKN5Qugi4swrhluxzvrTQu4_zZkM8UyBGwTPMBcvBwr3eAkwt4sporKp1UMLXi_Dt9Zg\/s2048\/rotonda+con+Juanin.jpg\" \/><\/a><\/p>\n<p>Hoxe sae na prensa un progn\u00f3stico que me pediron para as elecci\u00f3ns municipais en Ribadeo 2011. Foi 5 para BNG, 4-5 para PP, 3-2 PSOE e 1 UPRi, pero coido que o m\u00e1is importante do tema non foi iso, o dar un progn\u00f3stico segundo unha visi\u00f3n persoal, sen\u00f3n enterarme de que polo visto, o dar a opini\u00f3n sobre este tema, o emitir un progn\u00f3stico, sexa algo que \u00e1 xente lle custe traballo facer. Polo que parece, dicir o que un pensa non s\u00f3 non \u00e9 pol\u00edtico, sen\u00f3n que xera medo. E medo da a situaci\u00f3n que isto provoca.<\/p>\n<p>Hoxe haber\u00e1 unha confrontaci\u00f3n entre os catro candidatos. Despois de catro anos, e de catro anos de asistir a moitos plenos, ser\u00e1 curioso velos noutro ambiente, pero sobre todo, corroborar o dito actual co dito pasado e co feito. E os temas? Supo\u00f1o que como en edici\u00f3ns anteriores de confrontaci\u00f3ns deste tipo, ser\u00e1n divididos os tempos e asignados temas a cada un, pero a\u00ednda as\u00ed poderemos ver se se tratan dentro dos apartados xerais un ou outro, se se fai m\u00e1is \u00e9nfase ou menos, etc. De calquera xeito, ser\u00e1 unha actuaci\u00f3n fronte \u00f3 &#8216;traballo&#8217; do pleno (moitas veces tam\u00e9n actuaci\u00f3n).<\/p>\n<p>A ilustraci\u00f3n, a barca de Calvo-Sotelo, a &#8216;Juan\u00edn&#8217;, na nova rotonda da traves\u00eda, no xard\u00edn, polo momento sen asegurar no sitio e sen mastro, e fronte a unha fonte que segue a dar as costas \u00f3 &#8216;parque de indianos&#8217;.<\/p>\n<p>&#8211; Actualizaci\u00f3n \u00f3 mediod\u00eda: O debate da tarde foi suspendido polo terremoto de <a href=\"http:\/\/gl.wikipedia.org\/wiki\/Lorca\">Lorca<\/a> (Murcia) &#8211;<\/p>\n","protected":false},"excerpt":{"rendered":"<p>Hoxe sae na prensa un progn\u00f3stico que me pediron para as elecci\u00f3ns municipais en Ribadeo 2011. Foi 5 para BNG, 4-5 para PP, 3-2 PSOE e 1 UPRi, pero coido que o m\u00e1is importante do tema non foi iso, o dar un progn\u00f3stico segundo unha visi\u00f3n persoal, sen\u00f3n enterarme de que polo visto, o dar [&hellip;]<\/p>\n","protected":false},"author":3,"featured_media":0,"comment_status":"open","ping_status":"closed","sticky":false,"template":"","format":"standard","meta":{"activitypub_content_warning":"","activitypub_content_visibility":"","activitypub_max_image_attachments":3,"activitypub_interaction_policy_quote":"anyone","activitypub_status":"federated","footnotes":""},"categories":[1],"tags":[133,93,13],"class_list":["post-7994","post","type-post","status-publish","format-standard","hentry","category-sen-categoria","tag-eleccions-2011","tag-fotos-ribadeo","tag-politica"],"_links":{"self":[{"href":"https:\/\/blogs.amarinha.gal\/ribadeando\/wp-json\/wp\/v2\/posts\/7994","targetHints":{"allow":["GET"]}}],"collection":[{"href":"https:\/\/blogs.amarinha.gal\/ribadeando\/wp-json\/wp\/v2\/posts"}],"about":[{"href":"https:\/\/blogs.amarinha.gal\/ribadeando\/wp-json\/wp\/v2\/types\/post"}],"author":[{"embeddable":true,"href":"https:\/\/blogs.amarinha.gal\/ribadeando\/wp-json\/wp\/v2\/users\/3"}],"replies":[{"embeddable":true,"href":"https:\/\/blogs.amarinha.gal\/ribadeando\/wp-json\/wp\/v2\/comments?post=7994"}],"version-history":[{"count":0,"href":"https:\/\/blogs.amarinha.gal\/ribadeando\/wp-json\/wp\/v2\/posts\/7994\/revisions"}],"wp:attachment":[{"href":"https:\/\/blogs.amarinha.gal\/ribadeando\/wp-json\/wp\/v2\/media?parent=7994"}],"wp:term":[{"taxonomy":"category","embeddable":true,"href":"https:\/\/blogs.amarinha.gal\/ribadeando\/wp-json\/wp\/v2\/categories?post=7994"},{"taxonomy":"post_tag","embeddable":true,"href":"https:\/\/blogs.amarinha.gal\/ribadeando\/wp-json\/wp\/v2\/tags?post=7994"}],"curies":[{"name":"wp","href":"https:\/\/api.w.org\/{rel}","templated":true}]}}