{"id":7990,"date":"2011-04-25T20:08:00","date_gmt":"2011-04-25T18:08:00","guid":{"rendered":""},"modified":"2024-11-12T14:46:40","modified_gmt":"2024-11-12T13:46:40","slug":"subindo-no-ascesor-da-atalaia","status":"publish","type":"post","link":"https:\/\/blogs.amarinha.gal\/ribadeando\/2011\/04\/25\/subindo-no-ascesor-da-atalaia\/","title":{"rendered":"Subindo no ascesor da Atalaia"},"content":{"rendered":"<p>Unhas imaxes (50 s escasos), subindo no ascensor da Atalaia, pretendendo enfocar o m\u00e1ximo de vista &#8230;<\/p>\n<p><object height=\"344\" width=\"425\"><param name=\"movie\" value=\"http:\/\/www.youtube.com\/v\/RHGvxmKfLhU?hl=en&amp;fs=1\"><param name=\"allowFullScreen\" value=\"true\"><param name=\"allowscriptaccess\" value=\"always\"><embed src=\"http:\/\/www.youtube.com\/v\/RHGvxmKfLhU?hl=en&amp;fs=1\" type=\"application\/x-shockwave-flash\" allowscriptaccess=\"always\" allowfullscreen=\"true\" height=\"344\" width=\"425\"><\/embed><\/object><\/p>\n<p><a href=\"http:\/\/ribadeando.blogspot.com\/2010\/08\/50-s-ou-ascensor-habemus.html\">50 s ou &#8216;ascensor habemus&#8217;, con ligaz\u00f3ns sobre o tema.<\/a><br \/>\n<a href=\"http:\/\/ribadeando.blogspot.com\/2010\/07\/desoberto-o-pastel-do-ascensor.html\">Post coa inauguraci\u00f3n do ascensor.<\/a><\/p>\n","protected":false},"excerpt":{"rendered":"<p>Unhas imaxes (50 s escasos), subindo no ascensor da Atalaia, pretendendo enfocar o m\u00e1ximo de vista &#8230; 50 s ou &#8216;ascensor habemus&#8217;, con ligaz\u00f3ns sobre o tema. Post coa inauguraci\u00f3n do ascensor.<\/p>\n","protected":false},"author":3,"featured_media":0,"comment_status":"open","ping_status":"closed","sticky":false,"template":"","format":"standard","meta":{"activitypub_content_warning":"","activitypub_content_visibility":"","activitypub_max_image_attachments":3,"activitypub_interaction_policy_quote":"anyone","activitypub_status":"federated","footnotes":""},"categories":[1],"tags":[57],"class_list":["post-7990","post","type-post","status-publish","format-standard","hentry","category-sen-categoria","tag-fotos-ria-de-ribadeo"],"_links":{"self":[{"href":"https:\/\/blogs.amarinha.gal\/ribadeando\/wp-json\/wp\/v2\/posts\/7990","targetHints":{"allow":["GET"]}}],"collection":[{"href":"https:\/\/blogs.amarinha.gal\/ribadeando\/wp-json\/wp\/v2\/posts"}],"about":[{"href":"https:\/\/blogs.amarinha.gal\/ribadeando\/wp-json\/wp\/v2\/types\/post"}],"author":[{"embeddable":true,"href":"https:\/\/blogs.amarinha.gal\/ribadeando\/wp-json\/wp\/v2\/users\/3"}],"replies":[{"embeddable":true,"href":"https:\/\/blogs.amarinha.gal\/ribadeando\/wp-json\/wp\/v2\/comments?post=7990"}],"version-history":[{"count":0,"href":"https:\/\/blogs.amarinha.gal\/ribadeando\/wp-json\/wp\/v2\/posts\/7990\/revisions"}],"wp:attachment":[{"href":"https:\/\/blogs.amarinha.gal\/ribadeando\/wp-json\/wp\/v2\/media?parent=7990"}],"wp:term":[{"taxonomy":"category","embeddable":true,"href":"https:\/\/blogs.amarinha.gal\/ribadeando\/wp-json\/wp\/v2\/categories?post=7990"},{"taxonomy":"post_tag","embeddable":true,"href":"https:\/\/blogs.amarinha.gal\/ribadeando\/wp-json\/wp\/v2\/tags?post=7990"}],"curies":[{"name":"wp","href":"https:\/\/api.w.org\/{rel}","templated":true}]}}