{"id":7989,"date":"2011-04-26T07:31:00","date_gmt":"2011-04-26T05:31:00","guid":{"rendered":""},"modified":"2024-11-12T14:46:39","modified_gmt":"2024-11-12T13:46:39","slug":"alternativas","status":"publish","type":"post","link":"https:\/\/blogs.amarinha.gal\/ribadeando\/2011\/04\/26\/alternativas\/","title":{"rendered":"Alternativas"},"content":{"rendered":"<p><a onblur=\"try {parent.deselectBloggerImageGracefully();} catch(e) {}\" href=\"https:\/\/blogger.googleusercontent.com\/img\/b\/R29vZ2xl\/AVvXsEjY6MgWmayTEzhjQb1ili_pI_7tUusAWcmrcUbAaXB9aH5Cv0hy4ugaCeKPeHqb-VKGsSCrRVF7hyphenhyphenQXYyuGwbM5Qk_YrZVT2Vi88T1ATm127lL51vfK0f4Vl5t3XBHIu5bwarc1mw\/s2048\/fragata+interior.jpg.jpg\"><img decoding=\"async\" src=\"https:\/\/blogger.googleusercontent.com\/img\/b\/R29vZ2xl\/AVvXsEjY6MgWmayTEzhjQb1ili_pI_7tUusAWcmrcUbAaXB9aH5Cv0hy4ugaCeKPeHqb-VKGsSCrRVF7hyphenhyphenQXYyuGwbM5Qk_YrZVT2Vi88T1ATm127lL51vfK0f4Vl5t3XBHIu5bwarc1mw\/s2048\/fragata+interior.jpg.jpg\" alt=\"\" \/><\/a><br \/>\nSorprendeume ver no novo e anunciado centro comercial de A Coru\u00f1a un local para bookcrossing. Leva aberto xusti\u00f1o dende comezos de Semana Santa, e te\u00f1o claro que o local cerrar\u00e1 cando o centro este\u00f1a completo e necesiten o espazo. A\u00ednda as\u00ed, era un dos \u00fanicos dous espazos &#8216;liberados&#8217; (o outro correspond\u00eda a un chamamento medioambientalista). E lembroume a iniciativa de bookcrossing que leva en Ribadeo xa algo m\u00e1is dun ano e medio. Segue na oficina de turismo, abigarrada na actualidade cos cocos e os seus fillos, barco (a imaxe \u00e1 beira \u00e9 da s\u00faa coberta), exposici\u00f3ns, &#8230; e o bookcrossing, \u00f3 que se lle remata de incorporar alg\u00fan libro en galego, varios best seller, varios de literatura er\u00f3tica, &#8230; \u00e9 dicir, un punto que segue a medrar en dep\u00f3sito e en uso (seguindo os apuntes en internet s\u00e1bese de xeito r\u00e1pido como vai a cousa), se ben lentamente.<br \/>\nAlgunhas entradas sobre o tema en Ribadeando:<br \/>\n<a href=\"http:\/\/ribadeando.blogspot.com\/2009\/10\/xa-temos-zona-bookcrossing.html\">Xa temos zona bookcrossing<\/a><br \/>\n<a href=\"http:\/\/ribadeando.blogspot.com\/2009\/10\/por-fin-bookcrossing-en-ribadeo.html\">Por fin<\/a><br \/>\n<a href=\"http:\/\/ribadeando.blogspot.com\/2010\/01\/conta-do-bookcrossing-pero-non-so.html\">A conta do bookcrossing, pero non s\u00f3<\/a><br \/>\n<a href=\"http:\/\/ribadeando.blogspot.com\/2010\/02\/o-cruce-de-libros-para-sair-publicado.html\">O cruce de libros<\/a><br \/>\n<a href=\"http:\/\/ribadeando.blogspot.com\/2009\/10\/cross-booking-en-ribadeo.html\">Bookcrossing en Ribadeo<\/a><br \/>\n<a href=\"http:\/\/ribadeando.blogspot.com\/2010\/12\/liberacion-bookcrossing.html\">Liberaci\u00f3n bookcrossing en Ribadeo<\/a><\/p>\n","protected":false},"excerpt":{"rendered":"<p>Sorprendeume ver no novo e anunciado centro comercial de A Coru\u00f1a un local para bookcrossing. Leva aberto xusti\u00f1o dende comezos de Semana Santa, e te\u00f1o claro que o local cerrar\u00e1 cando o centro este\u00f1a completo e necesiten o espazo. A\u00ednda as\u00ed, era un dos \u00fanicos dous espazos &#8216;liberados&#8217; (o outro correspond\u00eda a un chamamento medioambientalista). [&hellip;]<\/p>\n","protected":false},"author":3,"featured_media":0,"comment_status":"open","ping_status":"closed","sticky":false,"template":"","format":"standard","meta":{"activitypub_content_warning":"","activitypub_content_visibility":"","activitypub_max_image_attachments":3,"activitypub_interaction_policy_quote":"anyone","activitypub_status":"federated","footnotes":""},"categories":[1],"tags":[103,9],"class_list":["post-7989","post","type-post","status-publish","format-standard","hentry","category-sen-categoria","tag-fotos","tag-sociedade"],"_links":{"self":[{"href":"https:\/\/blogs.amarinha.gal\/ribadeando\/wp-json\/wp\/v2\/posts\/7989","targetHints":{"allow":["GET"]}}],"collection":[{"href":"https:\/\/blogs.amarinha.gal\/ribadeando\/wp-json\/wp\/v2\/posts"}],"about":[{"href":"https:\/\/blogs.amarinha.gal\/ribadeando\/wp-json\/wp\/v2\/types\/post"}],"author":[{"embeddable":true,"href":"https:\/\/blogs.amarinha.gal\/ribadeando\/wp-json\/wp\/v2\/users\/3"}],"replies":[{"embeddable":true,"href":"https:\/\/blogs.amarinha.gal\/ribadeando\/wp-json\/wp\/v2\/comments?post=7989"}],"version-history":[{"count":0,"href":"https:\/\/blogs.amarinha.gal\/ribadeando\/wp-json\/wp\/v2\/posts\/7989\/revisions"}],"wp:attachment":[{"href":"https:\/\/blogs.amarinha.gal\/ribadeando\/wp-json\/wp\/v2\/media?parent=7989"}],"wp:term":[{"taxonomy":"category","embeddable":true,"href":"https:\/\/blogs.amarinha.gal\/ribadeando\/wp-json\/wp\/v2\/categories?post=7989"},{"taxonomy":"post_tag","embeddable":true,"href":"https:\/\/blogs.amarinha.gal\/ribadeando\/wp-json\/wp\/v2\/tags?post=7989"}],"curies":[{"name":"wp","href":"https:\/\/api.w.org\/{rel}","templated":true}]}}