{"id":7988,"date":"2011-04-27T07:32:00","date_gmt":"2011-04-27T05:32:00","guid":{"rendered":""},"modified":"2024-11-12T14:46:37","modified_gmt":"2024-11-12T13:46:37","slug":"multas-e-transparencia","status":"publish","type":"post","link":"https:\/\/blogs.amarinha.gal\/ribadeando\/2011\/04\/27\/multas-e-transparencia\/","title":{"rendered":"Multas e transparencia"},"content":{"rendered":"<p>Onte a Voz de Galicia deu a nova de que se publicaran no diario oficial da provincia 310 multas sin cobrar polo concello. <a href=\"http:\/\/www.deputacionlugo.org\/portal_localweb_ag\/RecursosWeb\/DOCUMENTOS\/1\/0_4969_1.pdf#PAGE=7\">O acceso \u00f3s tres apartados do DOP \u00e9 doado<\/a>. Son multas en xeral de aparcamento, por diversos importes, e, especifica o peri\u00f3dico, que a s\u00faa publicaci\u00f3n se debe \u00f3 non ser aboadas, en xeral debido a que a xente non asina a chegada da notificaci\u00f3n. O caso \u00e9 que aparece \u00e1 vista de calquera o nome correspondente, e calquera que mire pode reco\u00f1ecer xente entre o listado.<br \/>\nAta aqu\u00ed, algo meramente t\u00e9cnico. Agora, p\u00f3dese entrar na conveniencia ou non da s\u00faa publicaci\u00f3n como m\u00e9todo de vergo\u00f1a p\u00fablica para lograr o seu pago, ou a inconveniencia da s\u00faa publicaci\u00f3n, na que seguro que haber\u00e1 erros (lembro un caso hai un par de anos no que aparec\u00edn nun listado de multas impagadas da DXT cando xa fora aboada, e cando me puxen en contacto para subsanar o erro, recib\u00edn unha sinxela resposta: se est\u00e1 paga, non se preocupe m\u00e1is)<br \/>\nPero, m\u00e1is al\u00f3 da publicaci\u00f3n dunha cousa concreta con faltas da cidadan\u00eda, tras ver a facilidade con que se pode producir, queda a pregunta de por que non se ten tanta transparencia para aoutras cousas que parecen m\u00e1is graves. Non \u00e9 cuesti\u00f3n de Ribadeo ou non (\u00f3 fin, a xesti\u00f3n de multas pasouse no goberno do PP, hai anos, \u00e1 xesti\u00f3n por parte da Deputaci\u00f3n Provincial), sen\u00f3n da capacidade de ocultaci\u00f3n empresarial e institucional por parte da xente con m\u00e1is poder, esixindo ou permitindo transparencia total para os dem\u00e1is e opacidade total cando se trata dela mesma.<br \/>\nO tema da transparencia non \u00e9 a primeira vez que sae no blog, nin, tal como est\u00e1 a situaci\u00f3n, ser\u00e1 a \u00faltima. Evitar\u00edanse moitas cousas. Pero non pode ser unha transparencia asim\u00e9trica.<\/p>\n","protected":false},"excerpt":{"rendered":"<p>Onte a Voz de Galicia deu a nova de que se publicaran no diario oficial da provincia 310 multas sin cobrar polo concello. O acceso \u00f3s tres apartados do DOP \u00e9 doado. Son multas en xeral de aparcamento, por diversos importes, e, especifica o peri\u00f3dico, que a s\u00faa publicaci\u00f3n se debe \u00f3 non ser aboadas, [&hellip;]<\/p>\n","protected":false},"author":3,"featured_media":0,"comment_status":"open","ping_status":"closed","sticky":false,"template":"","format":"standard","meta":{"activitypub_content_warning":"","activitypub_content_visibility":"","activitypub_max_image_attachments":3,"activitypub_interaction_policy_quote":"anyone","activitypub_status":"federated","footnotes":""},"categories":[1],"tags":[9],"class_list":["post-7988","post","type-post","status-publish","format-standard","hentry","category-sen-categoria","tag-sociedade"],"_links":{"self":[{"href":"https:\/\/blogs.amarinha.gal\/ribadeando\/wp-json\/wp\/v2\/posts\/7988","targetHints":{"allow":["GET"]}}],"collection":[{"href":"https:\/\/blogs.amarinha.gal\/ribadeando\/wp-json\/wp\/v2\/posts"}],"about":[{"href":"https:\/\/blogs.amarinha.gal\/ribadeando\/wp-json\/wp\/v2\/types\/post"}],"author":[{"embeddable":true,"href":"https:\/\/blogs.amarinha.gal\/ribadeando\/wp-json\/wp\/v2\/users\/3"}],"replies":[{"embeddable":true,"href":"https:\/\/blogs.amarinha.gal\/ribadeando\/wp-json\/wp\/v2\/comments?post=7988"}],"version-history":[{"count":0,"href":"https:\/\/blogs.amarinha.gal\/ribadeando\/wp-json\/wp\/v2\/posts\/7988\/revisions"}],"wp:attachment":[{"href":"https:\/\/blogs.amarinha.gal\/ribadeando\/wp-json\/wp\/v2\/media?parent=7988"}],"wp:term":[{"taxonomy":"category","embeddable":true,"href":"https:\/\/blogs.amarinha.gal\/ribadeando\/wp-json\/wp\/v2\/categories?post=7988"},{"taxonomy":"post_tag","embeddable":true,"href":"https:\/\/blogs.amarinha.gal\/ribadeando\/wp-json\/wp\/v2\/tags?post=7988"}],"curies":[{"name":"wp","href":"https:\/\/api.w.org\/{rel}","templated":true}]}}