{"id":7983,"date":"2011-04-30T13:04:00","date_gmt":"2011-04-30T11:04:00","guid":{"rendered":""},"modified":"2024-11-12T14:46:29","modified_gmt":"2024-11-12T13:46:29","slug":"nota-de-prensa-da-comision-pro","status":"publish","type":"post","link":"https:\/\/blogs.amarinha.gal\/ribadeando\/2011\/04\/30\/nota-de-prensa-da-comision-pro\/","title":{"rendered":"Nota de prensa da comisi\u00f3n pro residencia de maiores"},"content":{"rendered":"<p>NOTA DE PRENSA<\/p>\n<p> La Comisi\u00f3n pro Residencia de Mayores de Ribadeo, reunida ayer en sesi\u00f3n ordinaria, acord\u00f3, entre otras cosas, proceder durante la semana pr\u00f3xima a la retirada de los pliegos de firmas, depositados en las farmacias y otros establecimientos de la localidad, a fin de presentarlos a su destinatario.<br \/>\n Ruega, pues, a todas aquellas personas que deseen apoyar con su firma la reivindicaci\u00f3n de una nueva Residencia de Mayores para Ribadeo y que a\u00fan no lo hayan hecho, que lo hagan en los primeros d\u00edas de la semana entrante.<\/p>\n","protected":false},"excerpt":{"rendered":"<p>NOTA DE PRENSA La Comisi\u00f3n pro Residencia de Mayores de Ribadeo, reunida ayer en sesi\u00f3n ordinaria, acord\u00f3, entre otras cosas, proceder durante la semana pr\u00f3xima a la retirada de los pliegos de firmas, depositados en las farmacias y otros establecimientos de la localidad, a fin de presentarlos a su destinatario. Ruega, pues, a todas aquellas [&hellip;]<\/p>\n","protected":false},"author":3,"featured_media":0,"comment_status":"open","ping_status":"closed","sticky":false,"template":"","format":"standard","meta":{"activitypub_content_warning":"","activitypub_content_visibility":"","activitypub_max_image_attachments":3,"activitypub_interaction_policy_quote":"anyone","activitypub_status":"federated","footnotes":""},"categories":[1],"tags":[9],"class_list":["post-7983","post","type-post","status-publish","format-standard","hentry","category-sen-categoria","tag-sociedade"],"_links":{"self":[{"href":"https:\/\/blogs.amarinha.gal\/ribadeando\/wp-json\/wp\/v2\/posts\/7983","targetHints":{"allow":["GET"]}}],"collection":[{"href":"https:\/\/blogs.amarinha.gal\/ribadeando\/wp-json\/wp\/v2\/posts"}],"about":[{"href":"https:\/\/blogs.amarinha.gal\/ribadeando\/wp-json\/wp\/v2\/types\/post"}],"author":[{"embeddable":true,"href":"https:\/\/blogs.amarinha.gal\/ribadeando\/wp-json\/wp\/v2\/users\/3"}],"replies":[{"embeddable":true,"href":"https:\/\/blogs.amarinha.gal\/ribadeando\/wp-json\/wp\/v2\/comments?post=7983"}],"version-history":[{"count":0,"href":"https:\/\/blogs.amarinha.gal\/ribadeando\/wp-json\/wp\/v2\/posts\/7983\/revisions"}],"wp:attachment":[{"href":"https:\/\/blogs.amarinha.gal\/ribadeando\/wp-json\/wp\/v2\/media?parent=7983"}],"wp:term":[{"taxonomy":"category","embeddable":true,"href":"https:\/\/blogs.amarinha.gal\/ribadeando\/wp-json\/wp\/v2\/categories?post=7983"},{"taxonomy":"post_tag","embeddable":true,"href":"https:\/\/blogs.amarinha.gal\/ribadeando\/wp-json\/wp\/v2\/tags?post=7983"}],"curies":[{"name":"wp","href":"https:\/\/api.w.org\/{rel}","templated":true}]}}