{"id":7979,"date":"2011-05-03T07:36:00","date_gmt":"2011-05-03T05:36:00","guid":{"rendered":""},"modified":"2024-11-12T14:46:17","modified_gmt":"2024-11-12T13:46:17","slug":"os-rastros-do-1-de-maio-unha","status":"publish","type":"post","link":"https:\/\/blogs.amarinha.gal\/ribadeando\/2011\/05\/03\/os-rastros-do-1-de-maio-unha\/","title":{"rendered":"Os rastros do 1\u00ba de maio: unha curiosidade"},"content":{"rendered":"<p>Non deixa de ser curioso que onte un xornal (a Voz) especificara na edici\u00f3n en papel nunha minguada portada para a provincia (polos anuncios da primeira local) o exiguo n\u00famero de traballadores asistentes \u00e1s diversas manifestaci\u00f3ns que houbo en varias localidades, sen not\u00e1rselle moito a divisi\u00f3n sindical, como querendo remarcar que a nova era s\u00f3 a existencia de manifas. Na segunda local, a tem\u00e1tica era ben diferente: unha morea de pequenas notas que daba fe da inundaci\u00f3n de xente nas diversas festas en pobos e aldeas \u00f3 longo da xeograf\u00eda provincial, contrastando coa nota da primeira p\u00e1xina&#8230;<br \/>\nVolveremos agora \u00e1 rutina de traballo, salpicada de novas m\u00e1is pr\u00f3ximas: <a href=\"http:\/\/www.lavozdegalicia.es\/amarina\/2011\/05\/03\/0003_201105X3C39912.htm\">ponse en marcha un parque de bombeiros comarcal<\/a> esperado durante o decenio anterior, as\u00ednase un <a href=\"http:\/\/www.ribadeo.org\/actualidade\/nova.php?id=739&amp;lg=gal\">novo convenio do ARI para Ribadeo<\/a>, comezan a ser xa normais os &#8216;<a href=\"http:\/\/www.ribadeo.org\/actualidade\/nova.php?id=738&amp;lg=gal\">Ribadeo de tapeo&#8217; cunha nova edici\u00f3n<\/a> en marcha, as <a href=\"http:\/\/www.ribadeo.org\/actualidade\/nova.php?id=736&amp;lg=gal\">comisi\u00f3ns de urbanismo para a probaci\u00f3n do plan non se paran, pero non rematan<\/a>,<\/p>\n","protected":false},"excerpt":{"rendered":"<p>Non deixa de ser curioso que onte un xornal (a Voz) especificara na edici\u00f3n en papel nunha minguada portada para a provincia (polos anuncios da primeira local) o exiguo n\u00famero de traballadores asistentes \u00e1s diversas manifestaci\u00f3ns que houbo en varias localidades, sen not\u00e1rselle moito a divisi\u00f3n sindical, como querendo remarcar que a nova era s\u00f3 [&hellip;]<\/p>\n","protected":false},"author":3,"featured_media":0,"comment_status":"open","ping_status":"closed","sticky":false,"template":"","format":"standard","meta":{"activitypub_content_warning":"","activitypub_content_visibility":"","activitypub_max_image_attachments":3,"activitypub_interaction_policy_quote":"anyone","activitypub_status":"federated","footnotes":""},"categories":[1],"tags":[9],"class_list":["post-7979","post","type-post","status-publish","format-standard","hentry","category-sen-categoria","tag-sociedade"],"_links":{"self":[{"href":"https:\/\/blogs.amarinha.gal\/ribadeando\/wp-json\/wp\/v2\/posts\/7979","targetHints":{"allow":["GET"]}}],"collection":[{"href":"https:\/\/blogs.amarinha.gal\/ribadeando\/wp-json\/wp\/v2\/posts"}],"about":[{"href":"https:\/\/blogs.amarinha.gal\/ribadeando\/wp-json\/wp\/v2\/types\/post"}],"author":[{"embeddable":true,"href":"https:\/\/blogs.amarinha.gal\/ribadeando\/wp-json\/wp\/v2\/users\/3"}],"replies":[{"embeddable":true,"href":"https:\/\/blogs.amarinha.gal\/ribadeando\/wp-json\/wp\/v2\/comments?post=7979"}],"version-history":[{"count":0,"href":"https:\/\/blogs.amarinha.gal\/ribadeando\/wp-json\/wp\/v2\/posts\/7979\/revisions"}],"wp:attachment":[{"href":"https:\/\/blogs.amarinha.gal\/ribadeando\/wp-json\/wp\/v2\/media?parent=7979"}],"wp:term":[{"taxonomy":"category","embeddable":true,"href":"https:\/\/blogs.amarinha.gal\/ribadeando\/wp-json\/wp\/v2\/categories?post=7979"},{"taxonomy":"post_tag","embeddable":true,"href":"https:\/\/blogs.amarinha.gal\/ribadeando\/wp-json\/wp\/v2\/tags?post=7979"}],"curies":[{"name":"wp","href":"https:\/\/api.w.org\/{rel}","templated":true}]}}