{"id":7976,"date":"2011-05-06T07:27:00","date_gmt":"2011-05-06T05:27:00","guid":{"rendered":""},"modified":"2024-11-12T14:46:12","modified_gmt":"2024-11-12T13:46:12","slug":"sana-ou-victoria-de-bin-laden","status":"publish","type":"post","link":"https:\/\/blogs.amarinha.gal\/ribadeando\/2011\/05\/06\/sana-ou-victoria-de-bin-laden\/","title":{"rendered":"Sa\u00f1a ou a victoria de Bin Laden"},"content":{"rendered":"<p>Coido que moita xente ter\u00e1 lido hai xa alg\u00fan tempo alg\u00fan artigo comentando que a evoluci\u00f3n do comportamento dos pa\u00edses &#8216;democr\u00e1ticos&#8217; fronte \u00f3 terrorismo pod\u00eda ser unha aut\u00e9ntica derrota se se ca\u00eda en comportamentos de cerraz\u00f3n, mesmo de terrorismo interno frontes \u00f3s propios cidad\u00e1ns, nun pa\u00eds convertido nunha especie de &#8216;<a href=\"http:\/\/gl.wikipedia.org\/wiki\/Nineteen_Eighty-Four\">gran irm\u00e1n&#8217; \u00f3 estilo orwelliano<\/a>. Co pretexto de protecci\u00f3n antiterrorista fix\u00e9ronse posibles limitaci\u00f3ns de liberdade e atrancos de movementos, m\u00e1is coa morte de Bin Laden manifestouse a\u00ednda un paso m\u00e1is, a sa\u00f1a medieval contra o inimigo, o paso por riba dos dereitos doutros pa\u00edses facendo gala diso mesmo (o pisotealos xa ven de lonxe, pero non o facer gala p\u00fablica diso), a destrucci\u00f3n da posibilidade de localizaci\u00f3n de restos, &#8230; feitos perpetrados por unha naci\u00f3n que pretende levar a democracia a todo o globo e que est\u00e1 dirixida por un premio Nobel da Paz. Coido que Bin Laden puido ser destru\u00eddo (aguantou moito), pero a s\u00faa labor perdurar\u00e1 e afectaranos a todos.<\/p>\n","protected":false},"excerpt":{"rendered":"<p>Coido que moita xente ter\u00e1 lido hai xa alg\u00fan tempo alg\u00fan artigo comentando que a evoluci\u00f3n do comportamento dos pa\u00edses &#8216;democr\u00e1ticos&#8217; fronte \u00f3 terrorismo pod\u00eda ser unha aut\u00e9ntica derrota se se ca\u00eda en comportamentos de cerraz\u00f3n, mesmo de terrorismo interno frontes \u00f3s propios cidad\u00e1ns, nun pa\u00eds convertido nunha especie de &#8216;gran irm\u00e1n&#8217; \u00f3 estilo orwelliano. [&hellip;]<\/p>\n","protected":false},"author":3,"featured_media":0,"comment_status":"open","ping_status":"closed","sticky":false,"template":"","format":"standard","meta":{"activitypub_content_warning":"","activitypub_content_visibility":"","activitypub_max_image_attachments":3,"activitypub_interaction_policy_quote":"anyone","activitypub_status":"federated","footnotes":""},"categories":[1],"tags":[],"class_list":["post-7976","post","type-post","status-publish","format-standard","hentry","category-sen-categoria"],"_links":{"self":[{"href":"https:\/\/blogs.amarinha.gal\/ribadeando\/wp-json\/wp\/v2\/posts\/7976","targetHints":{"allow":["GET"]}}],"collection":[{"href":"https:\/\/blogs.amarinha.gal\/ribadeando\/wp-json\/wp\/v2\/posts"}],"about":[{"href":"https:\/\/blogs.amarinha.gal\/ribadeando\/wp-json\/wp\/v2\/types\/post"}],"author":[{"embeddable":true,"href":"https:\/\/blogs.amarinha.gal\/ribadeando\/wp-json\/wp\/v2\/users\/3"}],"replies":[{"embeddable":true,"href":"https:\/\/blogs.amarinha.gal\/ribadeando\/wp-json\/wp\/v2\/comments?post=7976"}],"version-history":[{"count":0,"href":"https:\/\/blogs.amarinha.gal\/ribadeando\/wp-json\/wp\/v2\/posts\/7976\/revisions"}],"wp:attachment":[{"href":"https:\/\/blogs.amarinha.gal\/ribadeando\/wp-json\/wp\/v2\/media?parent=7976"}],"wp:term":[{"taxonomy":"category","embeddable":true,"href":"https:\/\/blogs.amarinha.gal\/ribadeando\/wp-json\/wp\/v2\/categories?post=7976"},{"taxonomy":"post_tag","embeddable":true,"href":"https:\/\/blogs.amarinha.gal\/ribadeando\/wp-json\/wp\/v2\/tags?post=7976"}],"curies":[{"name":"wp","href":"https:\/\/api.w.org\/{rel}","templated":true}]}}