{"id":7975,"date":"2011-05-08T11:09:00","date_gmt":"2011-05-08T09:09:00","guid":{"rendered":""},"modified":"2024-11-12T14:46:11","modified_gmt":"2024-11-12T13:46:11","slug":"despois-dun-descanso-minimo","status":"publish","type":"post","link":"https:\/\/blogs.amarinha.gal\/ribadeando\/2011\/05\/08\/despois-dun-descanso-minimo\/","title":{"rendered":"Despois dun descanso m\u00ednimo"},"content":{"rendered":"<p>At\u00f3pome na p\u00e1xina do concello unha ligaz\u00f3n errada a Ribadeo na memoria, a p\u00e1xina de fotos realizada cosa p\u00e1xinas escaneadas a \u00faltima tempada despois da chamada do concello. O enderezo correcto \u00e9 <a href=\"http:\/\/namemoria.ribadeo.org\/\">http:\/\/namemoria.ribadeo.org<\/a>, que corresponde \u00f3 que pon o texto que da nova da ligaz\u00f3n, pero non \u00e1 ligaz\u00f3n que pon o texto, por raz\u00f3ns tecnol\u00f3xicas.<\/p>\n<p>Polo momento s\u00f3 est\u00e1n colgadas as primeiras, \u00f3 que parece, pero non deixa de ser unha curiosidade m\u00e1is de Ribadeo.<\/p>\n<p>Por outra parte, paso a colgar o programa de difusi\u00f3n do PP, con fotos, para distribu\u00edr nas casas, en <a href=\"http:\/\/publicadoenribadeo.wikispaces.com\/\">Publicado en Ribadeo<\/a>.<\/p>\n","protected":false},"excerpt":{"rendered":"<p>At\u00f3pome na p\u00e1xina do concello unha ligaz\u00f3n errada a Ribadeo na memoria, a p\u00e1xina de fotos realizada cosa p\u00e1xinas escaneadas a \u00faltima tempada despois da chamada do concello. O enderezo correcto \u00e9 http:\/\/namemoria.ribadeo.org, que corresponde \u00f3 que pon o texto que da nova da ligaz\u00f3n, pero non \u00e1 ligaz\u00f3n que pon o texto, por raz\u00f3ns [&hellip;]<\/p>\n","protected":false},"author":3,"featured_media":0,"comment_status":"open","ping_status":"closed","sticky":false,"template":"","format":"standard","meta":{"activitypub_content_warning":"","activitypub_content_visibility":"","activitypub_max_image_attachments":3,"activitypub_interaction_policy_quote":"anyone","activitypub_status":"federated","footnotes":""},"categories":[1],"tags":[9],"class_list":["post-7975","post","type-post","status-publish","format-standard","hentry","category-sen-categoria","tag-sociedade"],"_links":{"self":[{"href":"https:\/\/blogs.amarinha.gal\/ribadeando\/wp-json\/wp\/v2\/posts\/7975","targetHints":{"allow":["GET"]}}],"collection":[{"href":"https:\/\/blogs.amarinha.gal\/ribadeando\/wp-json\/wp\/v2\/posts"}],"about":[{"href":"https:\/\/blogs.amarinha.gal\/ribadeando\/wp-json\/wp\/v2\/types\/post"}],"author":[{"embeddable":true,"href":"https:\/\/blogs.amarinha.gal\/ribadeando\/wp-json\/wp\/v2\/users\/3"}],"replies":[{"embeddable":true,"href":"https:\/\/blogs.amarinha.gal\/ribadeando\/wp-json\/wp\/v2\/comments?post=7975"}],"version-history":[{"count":0,"href":"https:\/\/blogs.amarinha.gal\/ribadeando\/wp-json\/wp\/v2\/posts\/7975\/revisions"}],"wp:attachment":[{"href":"https:\/\/blogs.amarinha.gal\/ribadeando\/wp-json\/wp\/v2\/media?parent=7975"}],"wp:term":[{"taxonomy":"category","embeddable":true,"href":"https:\/\/blogs.amarinha.gal\/ribadeando\/wp-json\/wp\/v2\/categories?post=7975"},{"taxonomy":"post_tag","embeddable":true,"href":"https:\/\/blogs.amarinha.gal\/ribadeando\/wp-json\/wp\/v2\/tags?post=7975"}],"curies":[{"name":"wp","href":"https:\/\/api.w.org\/{rel}","templated":true}]}}