{"id":7974,"date":"2011-05-08T12:12:00","date_gmt":"2011-05-08T10:12:00","guid":{"rendered":""},"modified":"2024-11-12T14:46:10","modified_gmt":"2024-11-12T13:46:10","slug":"ah-pero-comezaron-as-eleccions","status":"publish","type":"post","link":"https:\/\/blogs.amarinha.gal\/ribadeando\/2011\/05\/08\/ah-pero-comezaron-as-eleccions\/","title":{"rendered":"Ah, pero, comezaron as elecci\u00f3ns?"},"content":{"rendered":"<p>Non \u00e9 que comezaran as elecci\u00f3ns pero estamos xa en campa\u00f1a electoral. \u00c9 posible que moita xente non se decate, porque hoxe o per\u00edodo electoral ext\u00e9ndese m\u00e1is al\u00f3, moito m\u00e1s, do que a campa\u00f1a permite. Nese sentido, as elecci\u00f3ns comezaron hai tempo, abondo, e o que se est\u00e1 a vivir agora \u00e9 un per\u00edodo no que se loita por m\u00e1is visibililade nun esforzo final, a modo dunha carreira de longa distancia que se pretende solucionar \u00f3 sprint.<br \/>\nE, do mesmo xeito que as carreiras de longa distancia non soen ganarse \u00f3 sprint, aqu\u00ed parece que s\u00f3 o 15% dos votos se deciden nestes d\u00edas. Non me queda claro polas novas dos xornais se ese 15% \u00e9 sobre os votantes ou sobre os electores, que \u00e9 abondo diferente. De calquera xeito, \u00e9 cifra de importancia como para loitar por ela.<br \/>\nE con que armas se loita? Parece que aqu\u00ed non vale ningunha &#8216;convenci\u00f3n de Xenebra&#8217;,  \u00f3 estilo das guerras, onde hai normas, pero os combatentes trata de saltalas para coller ventaxa. Continuar\u00e1.<\/p>\n","protected":false},"excerpt":{"rendered":"<p>Non \u00e9 que comezaran as elecci\u00f3ns pero estamos xa en campa\u00f1a electoral. \u00c9 posible que moita xente non se decate, porque hoxe o per\u00edodo electoral ext\u00e9ndese m\u00e1is al\u00f3, moito m\u00e1s, do que a campa\u00f1a permite. Nese sentido, as elecci\u00f3ns comezaron hai tempo, abondo, e o que se est\u00e1 a vivir agora \u00e9 un per\u00edodo no [&hellip;]<\/p>\n","protected":false},"author":3,"featured_media":0,"comment_status":"open","ping_status":"closed","sticky":false,"template":"","format":"standard","meta":{"activitypub_content_warning":"","activitypub_content_visibility":"","activitypub_max_image_attachments":3,"activitypub_interaction_policy_quote":"anyone","activitypub_status":"federated","footnotes":""},"categories":[1],"tags":[133,13],"class_list":["post-7974","post","type-post","status-publish","format-standard","hentry","category-sen-categoria","tag-eleccions-2011","tag-politica"],"_links":{"self":[{"href":"https:\/\/blogs.amarinha.gal\/ribadeando\/wp-json\/wp\/v2\/posts\/7974","targetHints":{"allow":["GET"]}}],"collection":[{"href":"https:\/\/blogs.amarinha.gal\/ribadeando\/wp-json\/wp\/v2\/posts"}],"about":[{"href":"https:\/\/blogs.amarinha.gal\/ribadeando\/wp-json\/wp\/v2\/types\/post"}],"author":[{"embeddable":true,"href":"https:\/\/blogs.amarinha.gal\/ribadeando\/wp-json\/wp\/v2\/users\/3"}],"replies":[{"embeddable":true,"href":"https:\/\/blogs.amarinha.gal\/ribadeando\/wp-json\/wp\/v2\/comments?post=7974"}],"version-history":[{"count":0,"href":"https:\/\/blogs.amarinha.gal\/ribadeando\/wp-json\/wp\/v2\/posts\/7974\/revisions"}],"wp:attachment":[{"href":"https:\/\/blogs.amarinha.gal\/ribadeando\/wp-json\/wp\/v2\/media?parent=7974"}],"wp:term":[{"taxonomy":"category","embeddable":true,"href":"https:\/\/blogs.amarinha.gal\/ribadeando\/wp-json\/wp\/v2\/categories?post=7974"},{"taxonomy":"post_tag","embeddable":true,"href":"https:\/\/blogs.amarinha.gal\/ribadeando\/wp-json\/wp\/v2\/tags?post=7974"}],"curies":[{"name":"wp","href":"https:\/\/api.w.org\/{rel}","templated":true}]}}