{"id":7972,"date":"2011-05-10T07:36:00","date_gmt":"2011-05-10T05:36:00","guid":{"rendered":""},"modified":"2024-11-12T14:46:06","modified_gmt":"2024-11-12T13:46:06","slug":"desmelenandose-ou-recollendose-melena","status":"publish","type":"post","link":"https:\/\/blogs.amarinha.gal\/ribadeando\/2011\/05\/10\/desmelenandose-ou-recollendose-melena\/","title":{"rendered":"Desmelen\u00e1ndose ou recoll\u00e9ndose a melena?"},"content":{"rendered":"<p>A\u00ednda que a mona se vista de seda, mona se queda: hai tempo que se co\u00f1ece (ou se debera co\u00f1ecer \u00e1 mona polo seu aspecto e os seus actos; non convence un po\u00f1erse guapa de \u00faltima hora. Pero intentar, int\u00e9ntase.<br \/>\nO Ribadeo en Rexional Preferente? <a href=\"http:\/\/media.lavozdegalicia.es\/default\/2011\/05\/09\/00121304965608012218114\/Foto\/.jpg\">Foto de conxunto<\/a>. A ver quen falta!<br \/>\nIncumprimentos do equipo de goberno (os dos outros sempre ser\u00e1n m\u00e1is devaluados)? <a href=\"http:\/\/www.lavozdegalicia.es\/amarina\/2011\/05\/10\/0003_201105X10C8992.htm\">V\u00eddeo para resaltarlos<\/a> (con exposici\u00f3n nas catro calles).<br \/>\nComo no caso do alonxamento dos presos vascos, os presos non quedan en Ribadeo e as competencias son doutros, <a href=\"http:\/\/www.lavozdegalicia.es\/amarina\/2011\/05\/10\/0003_201105X10C3993.htm\">pregunta no momento oportuno<\/a>.<br \/>\nO centrarse na construcci\u00f3n favoreceu a destrucci\u00f3n? M\u00e1is construcci\u00f3n, como proclaman en Barreiros: &#8216;<a href=\"http:\/\/www.lavozdegalicia.es\/amarina\/2011\/05\/10\/0003_201105X10C8991.htm\">Co desbloqueo do urbanismo volver\u00e1 o emprego&#8230; e o resto<\/a>&#8216;<br \/>\n&#8230; A campa\u00f1a xa ten m\u00edtines parroquia por parroquia, ata completar en Ribadeo (houbo quen o fixo \u00f3 rev\u00e9s, comezando por Ribadeo), e quedan nas novas outras cousas relegadas entre tanta palabra, como a mostra arredor de Hern\u00e1n que se inaugurar\u00e1 venres (por certo, cunha boa <a href=\"http:\/\/media.lavozdegalicia.es\/default\/2011\/05\/10\/0012_201105X10C4F5\/Foto\/X10C4F5.jpg\">foto na Voz<\/a>), pero tam\u00e9n un aut\u00e9ntico debate sobre cousas factibles con poucos cartos, ou a facilitaci\u00f3n dunha vez de &#8216;pequenas cousas&#8217; como que as bicis sexan unha alternativa en Ribadeo: segundo unha recente infograf\u00eda de &#8216;P\u00fablico&#8217;, para estar \u00e1 altura de Pamplona corresponder\u00edannos uns 3 km de carr\u00eds bici&#8230;<br \/>\nMentras, <a href=\"http:\/\/cargadoiro.blogcindario.com\/2011\/05\/00350-lo-que-los-programas-de-los-partidos-politicos-ocultan.html\">artigos como o de Jos\u00e9 Mar\u00eda de onte<\/a> seguir\u00e1n aparecendo. Ou, noutro enfoque moi diferente, <a href=\"http:\/\/feedproxy.google.com\/%7Er\/ElAngeldeOlavide\/%7E3\/dUW7gEJN7hM\/el-voto-como-ejercicio-de-supervivencia.html\">como o de \u00c1ngel de Olavide de hai uns d\u00edas<\/a>.<\/p>\n","protected":false},"excerpt":{"rendered":"<p>A\u00ednda que a mona se vista de seda, mona se queda: hai tempo que se co\u00f1ece (ou se debera co\u00f1ecer \u00e1 mona polo seu aspecto e os seus actos; non convence un po\u00f1erse guapa de \u00faltima hora. Pero intentar, int\u00e9ntase. O Ribadeo en Rexional Preferente? Foto de conxunto. A ver quen falta! Incumprimentos do equipo [&hellip;]<\/p>\n","protected":false},"author":3,"featured_media":0,"comment_status":"open","ping_status":"closed","sticky":false,"template":"","format":"standard","meta":{"activitypub_content_warning":"","activitypub_content_visibility":"","activitypub_max_image_attachments":3,"activitypub_interaction_policy_quote":"anyone","activitypub_status":"federated","footnotes":""},"categories":[1],"tags":[13],"class_list":["post-7972","post","type-post","status-publish","format-standard","hentry","category-sen-categoria","tag-politica"],"_links":{"self":[{"href":"https:\/\/blogs.amarinha.gal\/ribadeando\/wp-json\/wp\/v2\/posts\/7972","targetHints":{"allow":["GET"]}}],"collection":[{"href":"https:\/\/blogs.amarinha.gal\/ribadeando\/wp-json\/wp\/v2\/posts"}],"about":[{"href":"https:\/\/blogs.amarinha.gal\/ribadeando\/wp-json\/wp\/v2\/types\/post"}],"author":[{"embeddable":true,"href":"https:\/\/blogs.amarinha.gal\/ribadeando\/wp-json\/wp\/v2\/users\/3"}],"replies":[{"embeddable":true,"href":"https:\/\/blogs.amarinha.gal\/ribadeando\/wp-json\/wp\/v2\/comments?post=7972"}],"version-history":[{"count":0,"href":"https:\/\/blogs.amarinha.gal\/ribadeando\/wp-json\/wp\/v2\/posts\/7972\/revisions"}],"wp:attachment":[{"href":"https:\/\/blogs.amarinha.gal\/ribadeando\/wp-json\/wp\/v2\/media?parent=7972"}],"wp:term":[{"taxonomy":"category","embeddable":true,"href":"https:\/\/blogs.amarinha.gal\/ribadeando\/wp-json\/wp\/v2\/categories?post=7972"},{"taxonomy":"post_tag","embeddable":true,"href":"https:\/\/blogs.amarinha.gal\/ribadeando\/wp-json\/wp\/v2\/tags?post=7972"}],"curies":[{"name":"wp","href":"https:\/\/api.w.org\/{rel}","templated":true}]}}