{"id":7971,"date":"2011-05-11T07:28:00","date_gmt":"2011-05-11T05:28:00","guid":{"rendered":""},"modified":"2024-11-12T14:46:05","modified_gmt":"2024-11-12T13:46:05","slug":"o-poder-da-palabra-e-da-imaxe","status":"publish","type":"post","link":"https:\/\/blogs.amarinha.gal\/ribadeando\/2011\/05\/11\/o-poder-da-palabra-e-da-imaxe\/","title":{"rendered":"O poder da palabra e da imaxe"},"content":{"rendered":"<p>Un <a href=\"http:\/\/www.youtube.com\/watch?v=9jHvr4_OMK0\">v\u00eddeo<\/a>. 6 minutos. Non un programa. Xogando \u00e1 contra, pero tam\u00e9n afirm\u00e1ndose. \u00c9 a novidade introducida pola UPRi. <a href=\"http:\/\/municipaisribadeo11.wordpress.com\/2011\/05\/10\/saber-que-dicir-pero-sobre-todo-como-dicilo\/\">Suso L\u00f3pez fai un estudo dende o punto de vista da comunicaci\u00f3n<\/a>. Pero o mesmo blog, en comentario anterior, (ou hai un pa de d\u00edas neste blog) xa deixaba caer que non \u00e9 cousa duns poucos d\u00edas, e o BNG (mellor dito, o <a href=\"http:\/\/www.youtube.com\/user\/FERNANDORIBADEO\">alcalde) leva colgado na rede<\/a> xa unha cantidade respetable de v\u00eddeos sobre realizaci\u00f3ns; \u00e9 posible que un a un se vexan moito menos, pero en total seguro que foron m\u00e1is vistos, e dende o pensamento de hoxe, menos oportunistas (o que non quere dicir que no seu momento non foran oportunistas, como propaganda que son).<br \/>\nEn relaci\u00f3n \u00e1s outras forzas, onte unha furgoneta patrullaba as r\u00faas de Ribadeo avisando dun m\u00edtin do PP, \u00f3 mesmo tempo que outra de UPRi desgranaba a s\u00faa propaganda. a est\u00e9tica e impresi\u00f3n visual, semellantes me levou a confundir un momento entre ambas, \u00f3 ir falando e polo tanto, sen caer na mensaxe. Respecto \u00f3s carteis danse curiosidades, como o enrugamento dalg\u00fan candidato que fai imaxes a modo de caricaturas, ou o viraento dalg\u00fan outro que emparella candidatos<br \/>\nPor outra banda, en facebook xurdiu &#8216;erecci\u00f3ns municipais&#8217;, cuns carteis de <a href=\"http:\/\/www.facebook.com\/media\/set\/?set=a.1921592712328.112224.1017383721\">comparaci\u00f3n entre diversos persoeiros televisivos e os candidatos ribadenses<\/a>. Quiz\u00e1is sexa para compensar o escaso movemento do <a href=\"http:\/\/www.blogoteca.com\/upri\">blog de UPRi<\/a> (que comezou a moverse de novo \u00f3 comezo da campa\u00f1a despois un par de anos de inactividade),  <a href=\"http:\/\/apolocambioderibadeo.wordpress.com\/\">blog do candidato do PSOE<\/a> ou o nulo da <a href=\"http:\/\/www.bngribadeo.org\/\">p\u00e1xina do BNG<\/a>. Sobre os perf\u00eds e taboeros dos candidatos en Facebook, \u00e9 ilustrativo o que di Suso L\u00f3pez na entrada &#8216;<a href=\"http:\/\/municipaisribadeo11.wordpress.com\/2011\/05\/04\/radiografia-ciberpolitica-de-ribadeo\/\">radiograf\u00eda ciberpol\u00edtica de Ribadeo<\/a>&#8216;.<br \/>\nMentras, lembrar que o filtro do que se di (dos candidatos) debe ser correspondido por un filtro do que se escoita (nos cidad\u00e1ns).<\/p>\n","protected":false},"excerpt":{"rendered":"<p>Un v\u00eddeo. 6 minutos. Non un programa. Xogando \u00e1 contra, pero tam\u00e9n afirm\u00e1ndose. \u00c9 a novidade introducida pola UPRi. Suso L\u00f3pez fai un estudo dende o punto de vista da comunicaci\u00f3n. Pero o mesmo blog, en comentario anterior, (ou hai un pa de d\u00edas neste blog) xa deixaba caer que non \u00e9 cousa duns poucos [&hellip;]<\/p>\n","protected":false},"author":3,"featured_media":0,"comment_status":"open","ping_status":"closed","sticky":false,"template":"","format":"standard","meta":{"activitypub_content_warning":"","activitypub_content_visibility":"","activitypub_max_image_attachments":3,"activitypub_interaction_policy_quote":"anyone","activitypub_status":"federated","footnotes":""},"categories":[1],"tags":[13],"class_list":["post-7971","post","type-post","status-publish","format-standard","hentry","category-sen-categoria","tag-politica"],"_links":{"self":[{"href":"https:\/\/blogs.amarinha.gal\/ribadeando\/wp-json\/wp\/v2\/posts\/7971","targetHints":{"allow":["GET"]}}],"collection":[{"href":"https:\/\/blogs.amarinha.gal\/ribadeando\/wp-json\/wp\/v2\/posts"}],"about":[{"href":"https:\/\/blogs.amarinha.gal\/ribadeando\/wp-json\/wp\/v2\/types\/post"}],"author":[{"embeddable":true,"href":"https:\/\/blogs.amarinha.gal\/ribadeando\/wp-json\/wp\/v2\/users\/3"}],"replies":[{"embeddable":true,"href":"https:\/\/blogs.amarinha.gal\/ribadeando\/wp-json\/wp\/v2\/comments?post=7971"}],"version-history":[{"count":0,"href":"https:\/\/blogs.amarinha.gal\/ribadeando\/wp-json\/wp\/v2\/posts\/7971\/revisions"}],"wp:attachment":[{"href":"https:\/\/blogs.amarinha.gal\/ribadeando\/wp-json\/wp\/v2\/media?parent=7971"}],"wp:term":[{"taxonomy":"category","embeddable":true,"href":"https:\/\/blogs.amarinha.gal\/ribadeando\/wp-json\/wp\/v2\/categories?post=7971"},{"taxonomy":"post_tag","embeddable":true,"href":"https:\/\/blogs.amarinha.gal\/ribadeando\/wp-json\/wp\/v2\/tags?post=7971"}],"curies":[{"name":"wp","href":"https:\/\/api.w.org\/{rel}","templated":true}]}}