{"id":7968,"date":"2011-05-13T18:39:00","date_gmt":"2011-05-13T16:39:00","guid":{"rendered":""},"modified":"2024-11-12T14:46:01","modified_gmt":"2024-11-12T13:46:01","slug":"de-novo-unha-vez-recuperado-o-servizo","status":"publish","type":"post","link":"https:\/\/blogs.amarinha.gal\/ribadeando\/2011\/05\/13\/de-novo-unha-vez-recuperado-o-servizo\/","title":{"rendered":"De novo, unha vez recuperado o servizo, unha reflexi\u00f3n r\u00e1pida (e bruta)"},"content":{"rendered":"<p>Parece que isto se man\u00e9n estable alomenos uns minutos&#8230;vai logo<\/p>\n<p>Onte non houbo debate. Cabe preguntarse pola influenza que ter\u00eda en caso de terse celebrado. Hai poucos d\u00edas deixei reflectida nunha entrada nova de que a campa\u00f1a pode influ\u00edr nun 15%. E un debate? En canto pode influ\u00edr? Non \u00e9 unha influenza asemade o acordo de suspensi\u00f3n do debate?, como <a href=\"http:\/\/municipaisribadeo11.wordpress.com\/2011\/05\/13\/os-efectos-da-campana-eleitoral-sobre-o-sentido-do-voto\/\">apunta o blog municipais Ribadeo 2001<\/a>? A quen beneficia m\u00e1is unha suspensi\u00f3n de actividades? (por exemplo, \u00f3s partidos grandes ou \u00f3s pequenos, a quenes te\u00f1en m\u00e1is votos nunha circunscrici\u00f3n ou a quen ten menos, a quen ten m\u00e1is recursos ou a quen ten menos, &#8230;) Mesmo, cabe plantexarse a pregunta anterior nun momento dunha cat\u00e1strofe con nove mortos a 1000 km ou non? (un dato: cada d\u00eda morren en Espa\u00f1a m\u00e1is de 1000 persoas) Ou quiz\u00e1is a cat\u00e1strofe sirva para persoarse pol\u00edticos principais na zona e facer outro tipo de propaganda diferente (s\u00f3 en certo xeito) \u00e1 dos d\u00edas anteriores?<\/p>\n<p>O dito, algo curto e quiz\u00e1is pouco pol\u00edtico, a pesares de levar a etiqueta de &#8216;pol\u00edtica&#8217;.<\/p>\n","protected":false},"excerpt":{"rendered":"<p>Parece que isto se man\u00e9n estable alomenos uns minutos&#8230;vai logo Onte non houbo debate. Cabe preguntarse pola influenza que ter\u00eda en caso de terse celebrado. Hai poucos d\u00edas deixei reflectida nunha entrada nova de que a campa\u00f1a pode influ\u00edr nun 15%. E un debate? En canto pode influ\u00edr? Non \u00e9 unha influenza asemade o acordo [&hellip;]<\/p>\n","protected":false},"author":3,"featured_media":0,"comment_status":"open","ping_status":"closed","sticky":false,"template":"","format":"standard","meta":{"activitypub_content_warning":"","activitypub_content_visibility":"","activitypub_max_image_attachments":3,"activitypub_interaction_policy_quote":"anyone","activitypub_status":"federated","footnotes":""},"categories":[1],"tags":[133,13,9],"class_list":["post-7968","post","type-post","status-publish","format-standard","hentry","category-sen-categoria","tag-eleccions-2011","tag-politica","tag-sociedade"],"_links":{"self":[{"href":"https:\/\/blogs.amarinha.gal\/ribadeando\/wp-json\/wp\/v2\/posts\/7968","targetHints":{"allow":["GET"]}}],"collection":[{"href":"https:\/\/blogs.amarinha.gal\/ribadeando\/wp-json\/wp\/v2\/posts"}],"about":[{"href":"https:\/\/blogs.amarinha.gal\/ribadeando\/wp-json\/wp\/v2\/types\/post"}],"author":[{"embeddable":true,"href":"https:\/\/blogs.amarinha.gal\/ribadeando\/wp-json\/wp\/v2\/users\/3"}],"replies":[{"embeddable":true,"href":"https:\/\/blogs.amarinha.gal\/ribadeando\/wp-json\/wp\/v2\/comments?post=7968"}],"version-history":[{"count":0,"href":"https:\/\/blogs.amarinha.gal\/ribadeando\/wp-json\/wp\/v2\/posts\/7968\/revisions"}],"wp:attachment":[{"href":"https:\/\/blogs.amarinha.gal\/ribadeando\/wp-json\/wp\/v2\/media?parent=7968"}],"wp:term":[{"taxonomy":"category","embeddable":true,"href":"https:\/\/blogs.amarinha.gal\/ribadeando\/wp-json\/wp\/v2\/categories?post=7968"},{"taxonomy":"post_tag","embeddable":true,"href":"https:\/\/blogs.amarinha.gal\/ribadeando\/wp-json\/wp\/v2\/tags?post=7968"}],"curies":[{"name":"wp","href":"https:\/\/api.w.org\/{rel}","templated":true}]}}