{"id":7965,"date":"2011-05-16T12:13:00","date_gmt":"2011-05-16T10:13:00","guid":{"rendered":""},"modified":"2024-11-12T14:45:56","modified_gmt":"2024-11-12T13:45:56","slug":"8-propostas-e-unha-alternativa","status":"publish","type":"post","link":"https:\/\/blogs.amarinha.gal\/ribadeando\/2011\/05\/16\/8-propostas-e-unha-alternativa\/","title":{"rendered":"8 propostas e unha alternativa"},"content":{"rendered":"<p>Xuntei nun \u00fanico lugar as <a href=\"http:\/\/publicadoenribadeo.wikispaces.com\/Home#x-Publicaci%C3%B3ns-Outros\">catro propostas electorais deste 2011 en Ribadeo cos programas do 2007<\/a>, e a\u00ed est\u00e1n, en <a href=\"http:\/\/publicadoenribadeo.wikispaces.com\/\">publicado en Ribadeo<\/a>, dispostos para a s\u00faa comparaci\u00f3n, se algu\u00e9n quere. [unha nota: alg\u00fan escaneo pasado non saiu moi ben, se algu\u00e9n pode subministrar mellores imaxes&#8230;]<br \/>\nClaro que, con movementos como o de onte en diversas cidades promovido por <a href=\"http:\/\/democraciarealya.es\/\">democraciarealya<\/a>, \u00e9 posible que os programas electorais (\u00a1por fin!) comecen a verse con outra \u00f3ptica. Que sucedu onte? O &#8216;<a href=\"http:\/\/elangeldeolavide.blogspot.com\/2011\/05\/democracia-real-ya-un-milagro-de-san.html\">\u00c1ngel de Olavide<\/a>&#8216;, <a href=\"http:\/\/www.enriquedans.com\/2011\/05\/consideraciones-sobre-la-manifestacion-del-15m.html\">Enrique Dans<\/a> ou <a href=\"http:\/\/im-pulso.blogspot.com\/2011\/05\/no-hay-pan-para-tanto-chorizo-y.html\">F\u00e9lix Soria<\/a> poden servir de fiestras \u00e1s manifestaci\u00f3ns que tiveron lugar pedindo outra pol\u00edtica, non o cambio de partido. Mentras, <a href=\"http:\/\/www.publico.es\/espana\/376559\/medio\/centenar\/jovenes\/mantienen\/protesta\/madrid\">os pol\u00edticos parecen querer combater a &#8216;competencia&#8217;<\/a>.<br \/>\nMentres, a\u00ed est\u00e1 a <a href=\"http:\/\/www.nolesvotes.com\/\">petici\u00f3n de non votar os grandes partidos<\/a>, ou o que se considera ou non &#8216;voto \u00fatil&#8217;.<br \/>\nUn seguemento alternativo, <a href=\"http:\/\/twitter.com\/#%21\/search\/%23spanishrevolution\">no twitter<\/a>.<\/p>\n","protected":false},"excerpt":{"rendered":"<p>Xuntei nun \u00fanico lugar as catro propostas electorais deste 2011 en Ribadeo cos programas do 2007, e a\u00ed est\u00e1n, en publicado en Ribadeo, dispostos para a s\u00faa comparaci\u00f3n, se algu\u00e9n quere. [unha nota: alg\u00fan escaneo pasado non saiu moi ben, se algu\u00e9n pode subministrar mellores imaxes&#8230;] Claro que, con movementos como o de onte en [&hellip;]<\/p>\n","protected":false},"author":3,"featured_media":0,"comment_status":"open","ping_status":"closed","sticky":false,"template":"","format":"standard","meta":{"activitypub_content_warning":"","activitypub_content_visibility":"","activitypub_max_image_attachments":3,"activitypub_interaction_policy_quote":"anyone","activitypub_status":"federated","footnotes":""},"categories":[1],"tags":[133,13],"class_list":["post-7965","post","type-post","status-publish","format-standard","hentry","category-sen-categoria","tag-eleccions-2011","tag-politica"],"_links":{"self":[{"href":"https:\/\/blogs.amarinha.gal\/ribadeando\/wp-json\/wp\/v2\/posts\/7965","targetHints":{"allow":["GET"]}}],"collection":[{"href":"https:\/\/blogs.amarinha.gal\/ribadeando\/wp-json\/wp\/v2\/posts"}],"about":[{"href":"https:\/\/blogs.amarinha.gal\/ribadeando\/wp-json\/wp\/v2\/types\/post"}],"author":[{"embeddable":true,"href":"https:\/\/blogs.amarinha.gal\/ribadeando\/wp-json\/wp\/v2\/users\/3"}],"replies":[{"embeddable":true,"href":"https:\/\/blogs.amarinha.gal\/ribadeando\/wp-json\/wp\/v2\/comments?post=7965"}],"version-history":[{"count":0,"href":"https:\/\/blogs.amarinha.gal\/ribadeando\/wp-json\/wp\/v2\/posts\/7965\/revisions"}],"wp:attachment":[{"href":"https:\/\/blogs.amarinha.gal\/ribadeando\/wp-json\/wp\/v2\/media?parent=7965"}],"wp:term":[{"taxonomy":"category","embeddable":true,"href":"https:\/\/blogs.amarinha.gal\/ribadeando\/wp-json\/wp\/v2\/categories?post=7965"},{"taxonomy":"post_tag","embeddable":true,"href":"https:\/\/blogs.amarinha.gal\/ribadeando\/wp-json\/wp\/v2\/tags?post=7965"}],"curies":[{"name":"wp","href":"https:\/\/api.w.org\/{rel}","templated":true}]}}