{"id":7962,"date":"2011-05-18T01:02:00","date_gmt":"2011-05-17T23:02:00","guid":{"rendered":""},"modified":"2024-11-12T14:45:52","modified_gmt":"2024-11-12T13:45:52","slug":"habera-autobuses-para-ir-votar","status":"publish","type":"post","link":"https:\/\/blogs.amarinha.gal\/ribadeando\/2011\/05\/18\/habera-autobuses-para-ir-votar\/","title":{"rendered":"Haber\u00e1 autobuses para ir votar&#8230; curiosidades das primeiras elecci\u00f3ns municipais en democracia"},"content":{"rendered":"<p><a href=\"https:\/\/blogger.googleusercontent.com\/img\/b\/R29vZ2xl\/AVvXsEjoqIy6LsRitJNwUbyBsp7o-ZwVQjaXfC6YkDvmvovP0M1eypp-fAlN3NoTjUVzpWGpUwPKAYxO3Z1TneNquhmouFHv6qFsWyQt02ix3HvzXqGGT3jaXXSQvJrnGgd7EKuNKXOCvg\/s2048\/PSOE.jpg\" onblur=\"try {parent.deselectBloggerImageGracefully();} catch(e) {}\"><img decoding=\"async\" alt=\"\" src=\"https:\/\/blogger.googleusercontent.com\/img\/b\/R29vZ2xl\/AVvXsEjoqIy6LsRitJNwUbyBsp7o-ZwVQjaXfC6YkDvmvovP0M1eypp-fAlN3NoTjUVzpWGpUwPKAYxO3Z1TneNquhmouFHv6qFsWyQt02ix3HvzXqGGT3jaXXSQvJrnGgd7EKuNKXOCvg\/s2048\/PSOE.jpg\" \/><\/a><\/p>\n<p><a href=\"https:\/\/blogger.googleusercontent.com\/img\/b\/R29vZ2xl\/AVvXsEiOwx1jM-ELuGZSNkWGXj_lbOSYdWrY1GMd-pm2C-4wTg8U6a3VC-F-q-FtRKSGvdVdfVJXz6lsYpqo7j-TPJ4AMXD7RSnyP2Shyt_cY6Db3neGLa9MjV-og9U_LQuukf-46MOYoA\/s2048\/UCD+2.jpg\" onblur=\"try {parent.deselectBloggerImageGracefully();} catch(e) {}\"><img decoding=\"async\" alt=\"\" height=\"483\" src=\"https:\/\/blogger.googleusercontent.com\/img\/b\/R29vZ2xl\/AVvXsEiOwx1jM-ELuGZSNkWGXj_lbOSYdWrY1GMd-pm2C-4wTg8U6a3VC-F-q-FtRKSGvdVdfVJXz6lsYpqo7j-TPJ4AMXD7RSnyP2Shyt_cY6Db3neGLa9MjV-og9U_LQuukf-46MOYoA\/s2048\/UCD+2.jpg\" \/><br \/>\n<img decoding=\"async\" alt=\"\" src=\"https:\/\/blogger.googleusercontent.com\/img\/b\/R29vZ2xl\/AVvXsEjmDtUZAwS3JOGhQFFqXPJVFmbOO3AS17gC1wnHuI4Jjb4706wG3JLMxSD_pThsAoKRGroUBwxmswFbuZ_aCPAYumDHX80PMhZ4349ocgIYrwXaCr9z34uoSU1dyZyVbHG0svV1OA\/s2048\/CR.jpg\" \/><\/a><\/p>\n<p><a href=\"https:\/\/blogger.googleusercontent.com\/img\/b\/R29vZ2xl\/AVvXsEi7FZGvvTp3CyJFJuxpiY_M-xEM6rRMzlby1pifXL2hTHwq9ctaJE57XC0askqFwMoDf4-kjfqaqRolA4vm0Q04G-p_ZgKtg1ckK53h9vbZuyqwkHfIum2hHKuaib43ydQG1yKpPA\/s2048\/CPI+2.jpg\" onblur=\"try {parent.deselectBloggerImageGracefully();} catch(e) {}\"><img decoding=\"async\" alt=\"\" src=\"https:\/\/blogger.googleusercontent.com\/img\/b\/R29vZ2xl\/AVvXsEi7FZGvvTp3CyJFJuxpiY_M-xEM6rRMzlby1pifXL2hTHwq9ctaJE57XC0askqFwMoDf4-kjfqaqRolA4vm0Q04G-p_ZgKtg1ckK53h9vbZuyqwkHfIum2hHKuaib43ydQG1yKpPA\/s2048\/CPI+2.jpg\" \/><\/a><\/p>\n<p>Estas elecci\u00f3ns acud\u00edn por curiosidade \u00e1s &#8216;Comarcas&#8217; correspondentes \u00e1s elecci\u00f3ns municipais en democracia, e pasoume Pancho Campos algunha informaci\u00f3n m\u00e1is. Irei sacando algunha cousa, pero persoalmente impactoume o que atopei sobre as primeiras,  3 de abril de 1979.<\/p>\n<p>Lembro que \u00e9 ampliable  cada imaxe premendo co rato sobre ela. Neste caso, \u00e9 necesario o facelo pois o b\u00e1sico son os textos escaneados.<\/p>\n<p><a href=\"https:\/\/blogger.googleusercontent.com\/img\/b\/R29vZ2xl\/AVvXsEgz6YLFaSVQu6C7earXhX3fyo1tjXqfcrilYhRCy1noPU-zZjaKDwG6Hy8sekwuQCdn-os-YymIogFaSYs049pRILbyfINlYWOO6c5u6ZWfDElc-XoqKQWhvXw-TaFTo8-XwzYaag\/s2048\/estatisticas+1979.jpg\" onblur=\"try {parent.deselectBloggerImageGracefully();} catch(e) {}\"><img decoding=\"async\" alt=\"\" src=\"https:\/\/blogger.googleusercontent.com\/img\/b\/R29vZ2xl\/AVvXsEgz6YLFaSVQu6C7earXhX3fyo1tjXqfcrilYhRCy1noPU-zZjaKDwG6Hy8sekwuQCdn-os-YymIogFaSYs049pRILbyfINlYWOO6c5u6ZWfDElc-XoqKQWhvXw-TaFTo8-XwzYaag\/s2048\/estatisticas+1979.jpg\" \/><\/a><\/p>\n<p>En diferentes &#8216;comarcas&#8217; aparecen varios anuncios de candidaturas, cunha ret\u00f3rica que agora nos parecer\u00eda totalmente inxenua, como se pode observar (o que non quita para que a actual sexa tam\u00e9n inxenua).<\/p>\n<p><a href=\"https:\/\/blogger.googleusercontent.com\/img\/b\/R29vZ2xl\/AVvXsEhPXpArqky8p3CotPWd7tqoUAYM_zm9HhlW70fCG9sUviphRYedGISI_0ui9_UljrqnSdVs01bMCt2iub_1UJfCVrGPj96fDUJNDldanPIVAIMSi-N-5ib9uxoHufmkHCo3nH-5Uw\/s2048\/CD_PSOE.jpg\" onblur=\"try {parent.deselectBloggerImageGracefully();} catch(e) {}\"><img decoding=\"async\" alt=\"\" src=\"https:\/\/blogger.googleusercontent.com\/img\/b\/R29vZ2xl\/AVvXsEhPXpArqky8p3CotPWd7tqoUAYM_zm9HhlW70fCG9sUviphRYedGISI_0ui9_UljrqnSdVs01bMCt2iub_1UJfCVrGPj96fDUJNDldanPIVAIMSi-N-5ib9uxoHufmkHCo3nH-5Uw\/s2048\/CD_PSOE.jpg\" \/><\/a><\/p>\n<p>Daquela hab\u00eda que animar a sacarse o medo do corpo, e a iso se adica por exemplo o PSOE, animando a votar en conciencia. Hoxe non se fai iso, e parece que o medo siga no corpo de moita xente. de calquera xeito, coido que pode explicarse parte da diferenza de participaci\u00f3n neste punto.<\/p>\n<p>A t\u00e1boa da fe dos resultados expostos pola Comarca o 17 de abril, explicitando os votos por circunscrici\u00f3n, as\u00ed como porcentaxe de votos emitidos contabilizados por cada partido e porcentaxe de representaci\u00f3n acadado, o que beneficiou a CPI e perxudicou a CR (CD). Outra cousa ser\u00eda o ver a porcentaxe de electores que votaron a partidos, pero non te\u00f1o datos.<\/p>\n<p><a href=\"https:\/\/blogger.googleusercontent.com\/img\/b\/R29vZ2xl\/AVvXsEi1o07IRPiw8akBzUbgmk5HP4PsghUn9xKrtpVGzJ3BSs6oANKHx1nVafZBy_1IUtL_Bc2YFHrtHek97MvDN6J1wmXylO-VBOhxaC4JqsZhXf7NKqWZkemGae9Us7QxEocuedKc5g\/s2048\/resultados.jpg\" onblur=\"try {parent.deselectBloggerImageGracefully();} catch(e) {}\"><img decoding=\"async\" alt=\"\" src=\"https:\/\/blogger.googleusercontent.com\/img\/b\/R29vZ2xl\/AVvXsEi1o07IRPiw8akBzUbgmk5HP4PsghUn9xKrtpVGzJ3BSs6oANKHx1nVafZBy_1IUtL_Bc2YFHrtHek97MvDN6J1wmXylO-VBOhxaC4JqsZhXf7NKqWZkemGae9Us7QxEocuedKc5g\/s2048\/resultados.jpg\" \/><\/a><\/p>\n<p>a\u00ednda que non aparec\u00eda a verba<\/p>\n<p>democracia a mi\u00fado, era un valor en alza que hab\u00eda que asegurarse, moitas veces sen separarse demasiado da traxectoria anterior, como nadando e gardando a roupa. \u00e9 algo que se ve claramente no semanario.<\/p>\n<p><a href=\"https:\/\/blogger.googleusercontent.com\/img\/b\/R29vZ2xl\/AVvXsEgrDjZuul97w6NF8UmPdGKCjUjDsMP2WDyJ7h1AHcSJKelPrE8883ulTV_oU8ajyWdvFnSAVXde_xybs46ZcpI5mIKOS0CB18H8jYDPHJGbVK_J7wxAvV4ESaAYXR-ELhbQtbgXCw\/s2048\/Lopez+Bra%25C3%25B1a+1.jpg\" onblur=\"try {parent.deselectBloggerImageGracefully();} catch(e) {}\"><img decoding=\"async\" alt=\"\" src=\"https:\/\/blogger.googleusercontent.com\/img\/b\/R29vZ2xl\/AVvXsEgrDjZuul97w6NF8UmPdGKCjUjDsMP2WDyJ7h1AHcSJKelPrE8883ulTV_oU8ajyWdvFnSAVXde_xybs46ZcpI5mIKOS0CB18H8jYDPHJGbVK_J7wxAvV4ESaAYXR-ELhbQtbgXCw\/s2048\/Lopez+Bra%25C3%25B1a+1.jpg\" \/><\/a><\/p>\n<p>Os resultados lembran \u00e1 actual corporaci\u00f3n: sen maior\u00eda absoluta, repet\u00edronse os n\u00fameros actuais de concelleiros, se ben os nomes dos partidos non corresponden cos actuais, a excepci\u00f3n do PSOE.<\/p>\n<p><a href=\"https:\/\/blogger.googleusercontent.com\/img\/b\/R29vZ2xl\/AVvXsEgp1L9Hzs5a48hYOmFCPTfVzMor8ZIyT9g_VU5xNqLKiJIzaV7du9M6e0SIosipo_9lkkbbSIHtrEWVmJGy0Uw2SkWDivfNJyOXEMaqx5etp5-bjGdLkwIIlIbY-aF1VkSe1kYCzg\/s2048\/Lopez+Bra%25C3%25B1a+2.jpg\" onblur=\"try {parent.deselectBloggerImageGracefully();} catch(e) {}\"><img decoding=\"async\" alt=\"\" src=\"https:\/\/blogger.googleusercontent.com\/img\/b\/R29vZ2xl\/AVvXsEgp1L9Hzs5a48hYOmFCPTfVzMor8ZIyT9g_VU5xNqLKiJIzaV7du9M6e0SIosipo_9lkkbbSIHtrEWVmJGy0Uw2SkWDivfNJyOXEMaqx5etp5-bjGdLkwIIlIbY-aF1VkSe1kYCzg\/s2048\/Lopez+Bra%25C3%25B1a+2.jpg\" \/><\/a><\/p>\n<p>Unha lembranza dun par de papeletas electorais  da unha idea de que debeu ser dif\u00edcil conseguir encher a lista: non aparecen suplentes a esgalla como agora, cando se fai gala dunha lista ampla a\u00ednda que se saiba que non \u00e9 necesaria.<\/p>\n<p><a href=\"https:\/\/blogger.googleusercontent.com\/img\/b\/R29vZ2xl\/AVvXsEgcvlxrX5wcWf05wkuFi3B3JF2D65zwJnduN1fokFxEi6tv4PxLQTRcEYNgJoHx52mqLj7AYmfpU3T4fMMRazP6vXtegMYOF9wwyOqOSePb2D5GwRykCewdvu_wY1NQ992aE5g_OQ\/s2048\/primer+pleno.jpg\" onblur=\"try {parent.deselectBloggerImageGracefully();} catch(e) {}\"><img decoding=\"async\" alt=\"\" src=\"https:\/\/blogger.googleusercontent.com\/img\/b\/R29vZ2xl\/AVvXsEgcvlxrX5wcWf05wkuFi3B3JF2D65zwJnduN1fokFxEi6tv4PxLQTRcEYNgJoHx52mqLj7AYmfpU3T4fMMRazP6vXtegMYOF9wwyOqOSePb2D5GwRykCewdvu_wY1NQ992aE5g_OQ\/s2048\/primer+pleno.jpg\" \/><\/a><\/p>\n<p>O que digo no t\u00edtulo dos autobuses aparece na propaganda de UCD. Na t\u00e1boa de resultados aparece CD por CR, como se lee na propaganda, pola organizaci\u00f3n que lle daba cobertura.<\/p>\n<p>O primeiro pleno, adicado \u00e1 organizaci\u00f3n interna, ben diferente da que agora hai&#8230;<\/p>\n<p>E o artigo de comentario de Dionisio Franco, instando a non sa\u00edrse do testo por se poidera a\u00ednda haber un re-cambio.<\/p>\n<p><a href=\"https:\/\/blogger.googleusercontent.com\/img\/b\/R29vZ2xl\/AVvXsEjNr0cUOHUdvzWsA0AV7lZPzcqqBf6PMueJaVAQmY5wLMXbwICBpN-AojKSUR7TnLPbMWtB_-aqlSfzzciLSCivT7Vocw0ME-ZFIx1tw8CXH4jUu86MgTy-XzGyBnFEjQiVabhSXw\/s2048\/trabajar+con+buen+pulso.jpg\" onblur=\"try {parent.deselectBloggerImageGracefully();} catch(e) {}\"><img decoding=\"async\" alt=\"\" src=\"https:\/\/blogger.googleusercontent.com\/img\/b\/R29vZ2xl\/AVvXsEjNr0cUOHUdvzWsA0AV7lZPzcqqBf6PMueJaVAQmY5wLMXbwICBpN-AojKSUR7TnLPbMWtB_-aqlSfzzciLSCivT7Vocw0ME-ZFIx1tw8CXH4jUu86MgTy-XzGyBnFEjQiVabhSXw\/s2048\/trabajar+con+buen+pulso.jpg\" \/><\/a><\/p>\n","protected":false},"excerpt":{"rendered":"<p>Estas elecci\u00f3ns acud\u00edn por curiosidade \u00e1s &#8216;Comarcas&#8217; correspondentes \u00e1s elecci\u00f3ns municipais en democracia, e pasoume Pancho Campos algunha informaci\u00f3n m\u00e1is. Irei sacando algunha cousa, pero persoalmente impactoume o que atopei sobre as primeiras, 3 de abril de 1979. Lembro que \u00e9 ampliable cada imaxe premendo co rato sobre ela. Neste caso, \u00e9 necesario o facelo [&hellip;]<\/p>\n","protected":false},"author":3,"featured_media":0,"comment_status":"open","ping_status":"closed","sticky":false,"template":"","format":"standard","meta":{"activitypub_content_warning":"","activitypub_content_visibility":"","activitypub_max_image_attachments":3,"activitypub_interaction_policy_quote":"anyone","activitypub_status":"federated","footnotes":""},"categories":[1],"tags":[48,138,133,11,13],"class_list":["post-7962","post","type-post","status-publish","format-standard","hentry","category-sen-categoria","tag-eleccions","tag-eleccions-1979","tag-eleccions-2011","tag-historia","tag-politica"],"_links":{"self":[{"href":"https:\/\/blogs.amarinha.gal\/ribadeando\/wp-json\/wp\/v2\/posts\/7962","targetHints":{"allow":["GET"]}}],"collection":[{"href":"https:\/\/blogs.amarinha.gal\/ribadeando\/wp-json\/wp\/v2\/posts"}],"about":[{"href":"https:\/\/blogs.amarinha.gal\/ribadeando\/wp-json\/wp\/v2\/types\/post"}],"author":[{"embeddable":true,"href":"https:\/\/blogs.amarinha.gal\/ribadeando\/wp-json\/wp\/v2\/users\/3"}],"replies":[{"embeddable":true,"href":"https:\/\/blogs.amarinha.gal\/ribadeando\/wp-json\/wp\/v2\/comments?post=7962"}],"version-history":[{"count":0,"href":"https:\/\/blogs.amarinha.gal\/ribadeando\/wp-json\/wp\/v2\/posts\/7962\/revisions"}],"wp:attachment":[{"href":"https:\/\/blogs.amarinha.gal\/ribadeando\/wp-json\/wp\/v2\/media?parent=7962"}],"wp:term":[{"taxonomy":"category","embeddable":true,"href":"https:\/\/blogs.amarinha.gal\/ribadeando\/wp-json\/wp\/v2\/categories?post=7962"},{"taxonomy":"post_tag","embeddable":true,"href":"https:\/\/blogs.amarinha.gal\/ribadeando\/wp-json\/wp\/v2\/tags?post=7962"}],"curies":[{"name":"wp","href":"https:\/\/api.w.org\/{rel}","templated":true}]}}