{"id":7960,"date":"2011-05-19T08:09:00","date_gmt":"2011-05-19T06:09:00","guid":{"rendered":""},"modified":"2024-11-12T14:45:43","modified_gmt":"2024-11-12T13:45:43","slug":"parentese-antes-das-eleccions","status":"publish","type":"post","link":"https:\/\/blogs.amarinha.gal\/ribadeando\/2011\/05\/19\/parentese-antes-das-eleccions\/","title":{"rendered":"Par\u00e9ntese antes das elecci\u00f3ns"},"content":{"rendered":"<p>Xoves, venres, s\u00e1bado, elecci\u00f3ns!<\/p>\n<p>Mentres as elecci\u00f3ns seguen por cami\u00f1os m\u00e1is ou menos previsibles en Ribadeo, recuncan temas como a <a href=\"http:\/\/coordinadoraecoloxista.org\/index.php?option=com_content&amp;task=view&amp;id=703&amp;Itemid=1\">escollera nas Figueiras<\/a> (algo que xa se barrunta dende hai anos) ou algo m\u00e1is lonxe, un tema novo xorde cada vez con m\u00e1is forza: <a href=\"http:\/\/www.publico.es\/espana\/377075\/prohibicion\/pare\/indignados\">nin a choiva nin a poli son quen de desindignar<\/a> a quen na <a href=\"http:\/\/elangeldeolavide.blogspot.com\/2011\/05\/armando-lopez-salinas-garfunkel-vuelve.html\">Porta do Sol est\u00e1 a protestar por todos n\u00f3s<\/a>, <a href=\"http:\/\/www.enriquedans.com\/2011\/05\/entendiendo-la-spanishrevolution.html\">a\u00ednda que haxa xente que diga que non \u00e9 as\u00ed<\/a>&#8230; Despois dun tibio comezo de cobertura medi\u00e1tica, a cousa xa desbordou e non se sabe moi ben que influenza ter\u00e1 nas elecci\u00f3ns, pero o movemento xa a ten (<a href=\"http:\/\/imagenes.publico-estaticos.es\/resources\/archivos\/2011\/5\/18\/1305739128720Manifiesto%20fantasma.pdf\">ver<\/a> o manifesto). Un pouco m\u00e1is lonxe a\u00ednda, mentras <a href=\"http:\/\/www.publico.es\/internacional\/377131\/strausskahn\/anuncia\/dimision\/director\/fmi\">Dominique Strauss-Khan dimite<\/a> (que pasar\u00eda se a cousa tivera sucedido en Espa\u00f1a cun director do FMI espa\u00f1ol? e cun norteamericano?) e aqu\u00ed temos imputados que se presentan \u00e1s elecci\u00f3ns a esgalla, na rede pululan estes d\u00edas mensaxes con v\u00eddeos como o que po\u00f1o a continuaci\u00f3n, ou ligaz\u00f3ns como a do &#8216;<a href=\"http:\/\/maps.google.es\/maps\/ms?ie=UTF8&amp;t=p&amp;source=embed&amp;oe=UTF8&amp;msa=0&amp;msid=208661973302683578218.00049ca0e3e7654bb763a\">mapa da corrupci\u00f3n&#8217; en Google maps<\/a>. Cousas todas a coller como na xornada de reflexi\u00f3n, \u00e9 dicir, reflexivamente, si, pero sendo conscientes \u00f3 tempo de que aqu\u00ed en Ribadeo o <a href=\"http:\/\/www.ribadeo.org\/actualidade\/nova.php?id=752&amp;lg=gal\">\u00faltimo pleno do mandato<\/a> foi co\u00f1ecido, salvo raras excepci\u00f3ns, despois de ter lugar, ou que, fora do alcance das municipais, os pol\u00edticos da UE qu\u00e9renlle &#8216;reordear&#8217; a Grecia a d\u00e9beda esixindo o desmantelamento do que \u00e9 de todos (os gregos) para prestarlle cartos que son de todos (n\u00f3s, gregos inclu\u00eddos)<\/p>\n<p>Por certo, voltando a Ribadeo, no pleno houbo amplos acordos para as aprobaci\u00f3ns; quiz\u00e1is noutro momento ter\u00eda hab\u00eddo m\u00e1is oposici\u00f3n a algunha cousa como que haxa un rexistro de intereses, coa que os novos concelleiros ter\u00e1n &#8220;a obriga ou a necesidade&#8221; de declarar o seu patrimonio de maneira p\u00fablica. Digo o anterior porque os malos xeitos non se desarraigan dun d\u00eda para outro, os privilexios tardan en ser considerados inxustos e a\u00ednda non hai catro anos que alg\u00fan pol\u00edtico local quixo recriminarme a aparici\u00f3n dunha foto dunha propiedade s\u00faa no blog (por nada bo, a\u00ednda que coido que autorizado; a foto e o comentario seguen)<\/p>\n<p><iframe loading=\"lazy\" allowfullscreen=\"\" frameborder=\"0\" height=\"390\" src=\"http:\/\/www.youtube.com\/embed\/UtTW72F8xo0\" width=\"480\"><\/iframe><\/p>\n","protected":false},"excerpt":{"rendered":"<p>Xoves, venres, s\u00e1bado, elecci\u00f3ns! Mentres as elecci\u00f3ns seguen por cami\u00f1os m\u00e1is ou menos previsibles en Ribadeo, recuncan temas como a escollera nas Figueiras (algo que xa se barrunta dende hai anos) ou algo m\u00e1is lonxe, un tema novo xorde cada vez con m\u00e1is forza: nin a choiva nin a poli son quen de desindignar a [&hellip;]<\/p>\n","protected":false},"author":3,"featured_media":0,"comment_status":"open","ping_status":"closed","sticky":false,"template":"","format":"standard","meta":{"activitypub_content_warning":"","activitypub_content_visibility":"","activitypub_max_image_attachments":3,"activitypub_interaction_policy_quote":"anyone","activitypub_status":"federate","footnotes":""},"categories":[1],"tags":[133,13],"class_list":["post-7960","post","type-post","status-publish","format-standard","hentry","category-sen-categoria","tag-eleccions-2011","tag-politica"],"_links":{"self":[{"href":"https:\/\/blogs.amarinha.gal\/ribadeando\/wp-json\/wp\/v2\/posts\/7960","targetHints":{"allow":["GET"]}}],"collection":[{"href":"https:\/\/blogs.amarinha.gal\/ribadeando\/wp-json\/wp\/v2\/posts"}],"about":[{"href":"https:\/\/blogs.amarinha.gal\/ribadeando\/wp-json\/wp\/v2\/types\/post"}],"author":[{"embeddable":true,"href":"https:\/\/blogs.amarinha.gal\/ribadeando\/wp-json\/wp\/v2\/users\/3"}],"replies":[{"embeddable":true,"href":"https:\/\/blogs.amarinha.gal\/ribadeando\/wp-json\/wp\/v2\/comments?post=7960"}],"version-history":[{"count":0,"href":"https:\/\/blogs.amarinha.gal\/ribadeando\/wp-json\/wp\/v2\/posts\/7960\/revisions"}],"wp:attachment":[{"href":"https:\/\/blogs.amarinha.gal\/ribadeando\/wp-json\/wp\/v2\/media?parent=7960"}],"wp:term":[{"taxonomy":"category","embeddable":true,"href":"https:\/\/blogs.amarinha.gal\/ribadeando\/wp-json\/wp\/v2\/categories?post=7960"},{"taxonomy":"post_tag","embeddable":true,"href":"https:\/\/blogs.amarinha.gal\/ribadeando\/wp-json\/wp\/v2\/tags?post=7960"}],"curies":[{"name":"wp","href":"https:\/\/api.w.org\/{rel}","templated":true}]}}