{"id":7959,"date":"2011-05-20T08:11:00","date_gmt":"2011-05-20T06:11:00","guid":{"rendered":""},"modified":"2024-11-12T14:45:42","modified_gmt":"2024-11-12T13:45:42","slug":"tahrir-sol-e-historia-de-ribadeo","status":"publish","type":"post","link":"https:\/\/blogs.amarinha.gal\/ribadeando\/2011\/05\/20\/tahrir-sol-e-historia-de-ribadeo\/","title":{"rendered":"Tahrir, Sol e historia de Ribadeo"},"content":{"rendered":"<p><em>Mensaxe en Twitter: Has Spain their Tahrir Place?<\/em><\/p>\n<p><em>Resposta: No, we have our &#8216;Sun gate&#8217;<\/em><\/p>\n<p>A percepci\u00f3n do que sucedeu na <a href=\"http:\/\/es.wikipedia.org\/wiki\/Plaza_de_la_Liberaci%C3%B3n\">praza Tahrir<\/a> con toda seguridade ter\u00e1 matices diferentes para un exipcio e para calquera de n\u00f3s. Do mesmo xeito, cualificar de Tahrir \u00f3 que est\u00e1 sucedendo na Porta do Sol coido que non \u00e9 exacto, nin por aproximaci\u00f3n. E que a\u00ednda se ver\u00e1 polas consecuencias, non s\u00f3 electorais, a importancia, unha vez que xa tivo a duraci\u00f3n e importancia para pasar a historia. A cousa, a traverso da indignaci\u00f3n, dun xeito ou outro continuar\u00e1: hoxe mesmo, Im-pulso titula unha entrada &#8220;<a href=\"http:\/\/im-pulso.blogspot.com\/2011\/05\/nueve-de-cada-diez-ejecutivos.html\">Nueve de cada diez ejecutivos encuestados &#8216;comprenden&#8217; la corrupci\u00f3n<\/a>&#8220;, e mentras que haxa xente que sexa sufridora da mesma en cantidade abondo superior a executora, ser\u00e1 unha indicaci\u00f3n (entre outras) de que o problema (e a resposta) seguir\u00e1.<\/p>\n<p>Mentras a mobilizaci\u00f3n do 15 de maio pasa \u00e1 historia, n\u00f3s estamos lonxe dunha cidade con resposta, e con dificultade para seguila coa participaci\u00f3n m\u00e1is que co sentemento compartido, polo que teremos que conformarnos coa nosa propia historia e tentar <a href=\"http:\/\/www.pateandopiedras.com\/2011\/04\/la-diferencia-entre-abstenerse-votar-en-blanco-y-el-no-les-votes\/\">aproveitar o xu\u00edzo dos dem\u00e1is<\/a>.<\/p>\n<p><a href=\"https:\/\/blogger.googleusercontent.com\/img\/b\/R29vZ2xl\/AVvXsEhDpBTNYMa9TzrRZhwmi9ed6W81C5LvMsjWKy1-sW25ofshnRpUS2xbHVxaLIYi2vyWn0ODvmEHANji55WPYnfFMA4Fau80JE9W2WWG4CnJMvf81dVZS7L9Ci_QUmyD6rYyz9CBiw\/s2048\/eleccions+municipais+cadeiras.jpg\" imageanchor=\"1\" style=\"margin-left: 1em; margin-right: 1em;\"><img loading=\"lazy\" decoding=\"async\" height=\"181\" src=\"https:\/\/blogger.googleusercontent.com\/img\/b\/R29vZ2xl\/AVvXsEhDpBTNYMa9TzrRZhwmi9ed6W81C5LvMsjWKy1-sW25ofshnRpUS2xbHVxaLIYi2vyWn0ODvmEHANji55WPYnfFMA4Fau80JE9W2WWG4CnJMvf81dVZS7L9Ci_QUmyD6rYyz9CBiw\/s2048\/eleccions+municipais+cadeiras.jpg\" width=\"320\" \/><\/a><\/p>\n<p><a href=\"https:\/\/blogger.googleusercontent.com\/img\/b\/R29vZ2xl\/AVvXsEgi12hWeFklMm3TeGzV6xEJvuxbUjUTa-Hfj7_nZymNJ62aKBzI4yf6wRs9HFloMBIc3Tlg7NSX7VINAmuY0CrJncQ3zBie0q-3JO2ZS6pvSNlDl7GD-ySZsgNo4BWoiQH7LIghyA\/s2048\/eleccions+municipais+cadeiras+gr%25C3%25A1fico.jpg\" imageanchor=\"1\" style=\"margin-left: 1em; margin-right: 1em;\"><img decoding=\"async\" src=\"https:\/\/blogger.googleusercontent.com\/img\/b\/R29vZ2xl\/AVvXsEgi12hWeFklMm3TeGzV6xEJvuxbUjUTa-Hfj7_nZymNJ62aKBzI4yf6wRs9HFloMBIc3Tlg7NSX7VINAmuY0CrJncQ3zBie0q-3JO2ZS6pvSNlDl7GD-ySZsgNo4BWoiQH7LIghyA\/s2048\/eleccions+municipais+cadeiras+gr%25C3%25A1fico.jpg\" \/><\/a><\/p>\n<p><a href=\"https:\/\/blogger.googleusercontent.com\/img\/b\/R29vZ2xl\/AVvXsEgcwovS5EGYNEwU20siexrJVUvkS-NE5GQBQ3n81qHTrAdwkUARTwNoTAUblwIbu9pPgf__Dlimv14uLjKwu2mJt2jP11yEDgool1-SUe4LiR7Mi-b1LGtRsfw6raqwvY5frDBSXw\/s2048\/eleccions+municipais+votos.jpg\" imageanchor=\"1\" style=\"margin-left: 1em; margin-right: 1em;\"><img loading=\"lazy\" decoding=\"async\" height=\"209\" src=\"https:\/\/blogger.googleusercontent.com\/img\/b\/R29vZ2xl\/AVvXsEgcwovS5EGYNEwU20siexrJVUvkS-NE5GQBQ3n81qHTrAdwkUARTwNoTAUblwIbu9pPgf__Dlimv14uLjKwu2mJt2jP11yEDgool1-SUe4LiR7Mi-b1LGtRsfw6raqwvY5frDBSXw\/s2048\/eleccions+municipais+votos.jpg\" width=\"320\" \/><\/a><\/p>\n<p><a href=\"https:\/\/blogger.googleusercontent.com\/img\/b\/R29vZ2xl\/AVvXsEifVe5H94SwXXv6tWeN0MLBvQdVGl18Awj2Ue_txCMHjF6W7fMZUdrXA5uZCi6CzF8F5Sy6fsgJNWYpTaEZsMz7fUjNJSTGA40qhCVWC9XhF3dok5PT58HEMUofcZb1XcRVLDmjsQ\/s2048\/eleccions+municipais+votos+grafico.jpg\" imageanchor=\"1\" style=\"margin-left: 1em; margin-right: 1em;\"><img loading=\"lazy\" decoding=\"async\" height=\"221\" src=\"https:\/\/blogger.googleusercontent.com\/img\/b\/R29vZ2xl\/AVvXsEifVe5H94SwXXv6tWeN0MLBvQdVGl18Awj2Ue_txCMHjF6W7fMZUdrXA5uZCi6CzF8F5Sy6fsgJNWYpTaEZsMz7fUjNJSTGA40qhCVWC9XhF3dok5PT58HEMUofcZb1XcRVLDmjsQ\/s2048\/eleccions+municipais+votos+grafico.jpg\" width=\"320\" \/><\/a><\/p>\n<p>A propia historia? Enrriba quedan duas t\u00e1boas e dous gr\u00e1ficos que lles corresponden. A primeira t\u00e1boa, o n\u00famero de concelleiros de cada partido nas elecci\u00f3ns municipais de Ribadeo no periodo democr\u00e1tico (entre os que se presentaron; hai alg\u00fan partido que e presentou e non obtivo concelleiros), e na segunda as porcentaxes que corresponden (sempre houbo 13 concelleiros). Na t\u00e1boa e gr\u00e1fico de embaixo, os votos e a procentaxe correspondente (neste caso, \u00f3 ser variable o n\u00famero de votos, sobre a t\u00e1boa aparecen o n\u00famero de votos a partidos en cada ano). Obs\u00e9rvase, unha vez pasada as primeiras elecci\u00f3ns, tres grandes grupos e incidencias particulares. O PSOE \u00e9 o \u00fanico que se presentou como tal partido a t\u00f3dalas elecci\u00f3ns municipais ribadenses, pero en xeral a obtenci\u00f3n de m\u00e1is votos caeu ben no PP ben no BNG. De calquera xeito, pola lei d&#8217;Hondt, n\u00f3tasea diferencia visual entre os gr\u00e1ficos de votos e de cadiras conseguidas por cada agrupaci\u00f3n.<\/p>\n<p>Un detalle a considerar \u00e9 o n\u00famero de votos a partidos en cada elecci\u00f3n e a variaci\u00f3n correspondente en votos a cada partido. A interpretaci\u00f3n diso d\u00e9ixoa a cada lector ou lectora.<\/p>\n<p><a href=\"https:\/\/blogger.googleusercontent.com\/img\/b\/R29vZ2xl\/AVvXsEhnT-UNxM3wd4WeR8aXCGGQddHlQn6sTiI_VJbbl6fNe_fqgiSkneixe8pBz_PVQ95xaGFGHnoT1DCRRrke7dohyphenhyphenGlnchubZS_v2iW8UToUiZ4xWipT4RR3gx15JVRVowsnrWLcIA\/s2048\/eleccions+municipais+alcaldes.jpg\" imageanchor=\"1\" style=\"margin-left: 1em; margin-right: 1em;\"><img loading=\"lazy\" decoding=\"async\" height=\"202\" src=\"https:\/\/blogger.googleusercontent.com\/img\/b\/R29vZ2xl\/AVvXsEhnT-UNxM3wd4WeR8aXCGGQddHlQn6sTiI_VJbbl6fNe_fqgiSkneixe8pBz_PVQ95xaGFGHnoT1DCRRrke7dohyphenhyphenGlnchubZS_v2iW8UToUiZ4xWipT4RR3gx15JVRVowsnrWLcIA\/s2048\/eleccions+municipais+alcaldes.jpg\" width=\"320\" \/><\/a><\/p>\n<p>Xusto enrriba, as alcald\u00edas, que non corresponden co n\u00famero m\u00e1ximo de votos da outra t\u00e1boa, pois houbo mandatos con maior\u00eda absoluta, con maior\u00eda relativa (con ou sen coalici\u00f3n) e con minor\u00eda coaligada.<\/p>\n<p>Ata aqu\u00ed, os datos&#8230;<\/p>\n","protected":false},"excerpt":{"rendered":"<p>Mensaxe en Twitter: Has Spain their Tahrir Place? Resposta: No, we have our &#8216;Sun gate&#8217; A percepci\u00f3n do que sucedeu na praza Tahrir con toda seguridade ter\u00e1 matices diferentes para un exipcio e para calquera de n\u00f3s. Do mesmo xeito, cualificar de Tahrir \u00f3 que est\u00e1 sucedendo na Porta do Sol coido que non \u00e9 [&hellip;]<\/p>\n","protected":false},"author":3,"featured_media":0,"comment_status":"open","ping_status":"closed","sticky":false,"template":"","format":"standard","meta":{"activitypub_content_warning":"","activitypub_content_visibility":"","activitypub_max_image_attachments":3,"activitypub_interaction_policy_quote":"anyone","activitypub_status":"federate","footnotes":""},"categories":[1],"tags":[133,13],"class_list":["post-7959","post","type-post","status-publish","format-standard","hentry","category-sen-categoria","tag-eleccions-2011","tag-politica"],"_links":{"self":[{"href":"https:\/\/blogs.amarinha.gal\/ribadeando\/wp-json\/wp\/v2\/posts\/7959","targetHints":{"allow":["GET"]}}],"collection":[{"href":"https:\/\/blogs.amarinha.gal\/ribadeando\/wp-json\/wp\/v2\/posts"}],"about":[{"href":"https:\/\/blogs.amarinha.gal\/ribadeando\/wp-json\/wp\/v2\/types\/post"}],"author":[{"embeddable":true,"href":"https:\/\/blogs.amarinha.gal\/ribadeando\/wp-json\/wp\/v2\/users\/3"}],"replies":[{"embeddable":true,"href":"https:\/\/blogs.amarinha.gal\/ribadeando\/wp-json\/wp\/v2\/comments?post=7959"}],"version-history":[{"count":0,"href":"https:\/\/blogs.amarinha.gal\/ribadeando\/wp-json\/wp\/v2\/posts\/7959\/revisions"}],"wp:attachment":[{"href":"https:\/\/blogs.amarinha.gal\/ribadeando\/wp-json\/wp\/v2\/media?parent=7959"}],"wp:term":[{"taxonomy":"category","embeddable":true,"href":"https:\/\/blogs.amarinha.gal\/ribadeando\/wp-json\/wp\/v2\/categories?post=7959"},{"taxonomy":"post_tag","embeddable":true,"href":"https:\/\/blogs.amarinha.gal\/ribadeando\/wp-json\/wp\/v2\/tags?post=7959"}],"curies":[{"name":"wp","href":"https:\/\/api.w.org\/{rel}","templated":true}]}}