{"id":7947,"date":"2011-05-22T23:44:00","date_gmt":"2011-05-22T21:44:00","guid":{"rendered":""},"modified":"2024-11-12T14:45:22","modified_gmt":"2024-11-12T13:45:22","slug":"resume-de-datos-e-algunha-cousa-mais-6","status":"publish","type":"post","link":"https:\/\/blogs.amarinha.gal\/ribadeando\/2011\/05\/22\/resume-de-datos-e-algunha-cousa-mais-6\/","title":{"rendered":"Resume de datos e algunha cousa m\u00e1is (6\u00aa e \u00faltima de hoxe)"},"content":{"rendered":"<p>Segundo resultados de <a href=\"http:\/\/resultados2011.mir.es\/99MU\/DMU1127905199_L1.htm?d=614&amp;e=255\">http:\/\/resultados2011.mir.es\/99MU\/DMU1127905199_L1.htm?d=614&amp;e=255<\/a><\/p>\n<p><a href=\"https:\/\/blogger.googleusercontent.com\/img\/b\/R29vZ2xl\/AVvXsEjmrHGGAPX-SVAkD-ukPaTWG6DnI-OZZFr_zlyyWzrbcXTvLjScZCnQrpk83y5hzDd-QgXxjLu59ulTL2MIU9pTwvzlOjyo_yggTldU7VY1x-U1Blrlk3jPzYL7Rpb6Pm1-6eYWlA\/s2048\/eleccions2011.1.jpg\" imageanchor=\"1\" style=\"margin-left: 1em; margin-right: 1em;\"><img loading=\"lazy\" decoding=\"async\" height=\"176\" src=\"https:\/\/blogger.googleusercontent.com\/img\/b\/R29vZ2xl\/AVvXsEjmrHGGAPX-SVAkD-ukPaTWG6DnI-OZZFr_zlyyWzrbcXTvLjScZCnQrpk83y5hzDd-QgXxjLu59ulTL2MIU9pTwvzlOjyo_yggTldU7VY1x-U1Blrlk3jPzYL7Rpb6Pm1-6eYWlA\/s2048\/eleccions2011.1.jpg\" width=\"640\" \/><\/a><\/p>\n<\/p>\n<p>&nbsp;A t\u00e1boa anterior resume os resultados das elecci\u00f3ns para Ribadeo, inclu\u00edndo a divisi\u00f3n d&#8217;Hondt que asigna 7 cadeiras \u00f3 BNG, 4 \u00f3 PP, e 1 a UPRi e \u00f3 PSOE. Iso representa unhas porcentaxes relativas de 53,85 \/\/ 30,77 \/\/ 7,69 \/\/ 7,69, a comparar coas porcentaxes de votos.<\/p>\n<p>A continuaci\u00f3n, a relaci\u00f3n de votos v\u00e1lidos nas diferentes municipais, onde se ve que houbo menos votos esta volta que nas do 2007. <\/p>\n<p><a href=\"https:\/\/blogger.googleusercontent.com\/img\/b\/R29vZ2xl\/AVvXsEhoyqHpwGBAaFJyhOAVaRPpuZKpcDd8_xzwa1CdN9Y2Q2IyQD4ehb0s8eCuFdN38AqkeWQZqwZhhPaVgDMmVhhdFLyF2d5XdJK7sMno4NOvVRdsoxUR6KPZtlE8yM3FtPnILXVRjg\/s2048\/eleccions+2011.2.jpg\" imageanchor=\"1\" style=\"margin-left: 1em; margin-right: 1em;\"><img decoding=\"async\" src=\"https:\/\/blogger.googleusercontent.com\/img\/b\/R29vZ2xl\/AVvXsEhoyqHpwGBAaFJyhOAVaRPpuZKpcDd8_xzwa1CdN9Y2Q2IyQD4ehb0s8eCuFdN38AqkeWQZqwZhhPaVgDMmVhhdFLyF2d5XdJK7sMno4NOvVRdsoxUR6KPZtlE8yM3FtPnILXVRjg\/s2048\/eleccions+2011.2.jpg\" \/><\/a><\/p>\n<p>A t\u00e1boa seguinte, os votos das elecci\u00f3ns dende o 79, resaltando os mellores resultados de cada unha, e a continuaci\u00f3n, os concelleiros obtidos.<\/p>\n<p><a href=\"https:\/\/blogger.googleusercontent.com\/img\/b\/R29vZ2xl\/AVvXsEga5j3Xibn-m4kD6hsLrtP92r5RBbJeQfooEFhbs3QhbLhm6aKvYtRlJCjUakDY8rQy1-fjyDicNJkcAo_IafzH_gYoovoRzxmbtoUtSe0P-o7ck_y99pH4F7WVq37zyPpXSuLWWw\/s2048\/eleccions+2011.3.jpg\" imageanchor=\"1\" style=\"margin-left: 1em; margin-right: 1em;\"><img loading=\"lazy\" decoding=\"async\" height=\"400\" src=\"https:\/\/blogger.googleusercontent.com\/img\/b\/R29vZ2xl\/AVvXsEga5j3Xibn-m4kD6hsLrtP92r5RBbJeQfooEFhbs3QhbLhm6aKvYtRlJCjUakDY8rQy1-fjyDicNJkcAo_IafzH_gYoovoRzxmbtoUtSe0P-o7ck_y99pH4F7WVq37zyPpXSuLWWw\/s2048\/eleccions+2011.3.jpg\" width=\"362\" \/><\/a><\/p>\n<p>As gr\u00e1ficas correspondentes \u00f3s numeros anteriores,en porcentaxes.<\/p>\n<p><a href=\"https:\/\/blogger.googleusercontent.com\/img\/b\/R29vZ2xl\/AVvXsEg-t5oZq7cmWO-G0kAHBeEQeKqtb_gJGZ5T6iv5jGDab_UvtVQQTSXZ0zhkAj2FLdyOj7rvMSBfNc-Svo1z0QugvTEalIOQhUpQBxHOb6pW7luPOiENIk-LGuzurCwF-CqOeVtswQ\/s2048\/eleccions+2011.4.jpg\" imageanchor=\"1\" style=\"margin-left: 1em; margin-right: 1em;\"><img loading=\"lazy\" decoding=\"async\" height=\"320\" src=\"https:\/\/blogger.googleusercontent.com\/img\/b\/R29vZ2xl\/AVvXsEg-t5oZq7cmWO-G0kAHBeEQeKqtb_gJGZ5T6iv5jGDab_UvtVQQTSXZ0zhkAj2FLdyOj7rvMSBfNc-Svo1z0QugvTEalIOQhUpQBxHOb6pW7luPOiENIk-LGuzurCwF-CqOeVtswQ\/s2048\/eleccions+2011.4.jpg\" width=\"303\" \/><\/a><\/p>\n<p>E os alcaldes (naturalmente, o actual non aparece a\u00ednda como 2011 por non ser a\u00ednda elixido)<\/p>\n<p><a href=\"https:\/\/blogger.googleusercontent.com\/img\/b\/R29vZ2xl\/AVvXsEipQ2hMPxCQKLmiwem3IfFVlNz90femYzhRdbNrdYV2mUyEL3RlEcOkV5w-n-QTKRNRMuT_r63uZea1aO7jErjDXnbAFBmS-UzTtaYuZ7HEd4MEpaI4OsTL9tNEBukhl-xZNrC3WA\/s2048\/eleccions+2011.5.jpg\" imageanchor=\"1\" style=\"margin-left: 1em; margin-right: 1em;\"><img loading=\"lazy\" decoding=\"async\" height=\"180\" src=\"https:\/\/blogger.googleusercontent.com\/img\/b\/R29vZ2xl\/AVvXsEipQ2hMPxCQKLmiwem3IfFVlNz90femYzhRdbNrdYV2mUyEL3RlEcOkV5w-n-QTKRNRMuT_r63uZea1aO7jErjDXnbAFBmS-UzTtaYuZ7HEd4MEpaI4OsTL9tNEBukhl-xZNrC3WA\/s2048\/eleccions+2011.5.jpg\" width=\"320\" \/><\/a><\/p>\n<p>Por certo, hai que acumular \u00f3 anterior que PSOE + BNG te\u00f1en un deputado provincial m\u00e1is que o PP.<\/p>\n<p>Agora falta facer a an\u00e1lise a nivel galego e estatal, a influenza das mobilizaci\u00f3ns, &#8230; e, por suposto, o que significa para Ribadeo.<\/p>\n<p>Unha cousa m\u00e1is: equivoqueime no <a href=\"http:\/\/ribadeando.blogspot.com\/2011\/05\/pronostico-e-mais-verbas.html\">pron\u00f3stico<\/a>. A clave estivo no medrar do BNG, que deixou &#8216;paralizados&#8217; \u00f3 resto dos partidos&#8230; algo que non fun o \u00fanico en non prever, como comezan a amosar os comentarios (<a href=\"http:\/\/ribadeando.blogspot.com\/2011\/05\/1045-maiorias-absoluta-do-bng.html\">ver<\/a>)<\/p>\n","protected":false},"excerpt":{"rendered":"<p>Segundo resultados de http:\/\/resultados2011.mir.es\/99MU\/DMU1127905199_L1.htm?d=614&amp;e=255 &nbsp;A t\u00e1boa anterior resume os resultados das elecci\u00f3ns para Ribadeo, inclu\u00edndo a divisi\u00f3n d&#8217;Hondt que asigna 7 cadeiras \u00f3 BNG, 4 \u00f3 PP, e 1 a UPRi e \u00f3 PSOE. Iso representa unhas porcentaxes relativas de 53,85 \/\/ 30,77 \/\/ 7,69 \/\/ 7,69, a comparar coas porcentaxes de votos. A continuaci\u00f3n, [&hellip;]<\/p>\n","protected":false},"author":3,"featured_media":0,"comment_status":"open","ping_status":"closed","sticky":false,"template":"","format":"standard","meta":{"activitypub_content_warning":"","activitypub_content_visibility":"","activitypub_max_image_attachments":3,"activitypub_interaction_policy_quote":"anyone","activitypub_status":"federated","footnotes":""},"categories":[1],"tags":[133],"class_list":["post-7947","post","type-post","status-publish","format-standard","hentry","category-sen-categoria","tag-eleccions-2011"],"_links":{"self":[{"href":"https:\/\/blogs.amarinha.gal\/ribadeando\/wp-json\/wp\/v2\/posts\/7947","targetHints":{"allow":["GET"]}}],"collection":[{"href":"https:\/\/blogs.amarinha.gal\/ribadeando\/wp-json\/wp\/v2\/posts"}],"about":[{"href":"https:\/\/blogs.amarinha.gal\/ribadeando\/wp-json\/wp\/v2\/types\/post"}],"author":[{"embeddable":true,"href":"https:\/\/blogs.amarinha.gal\/ribadeando\/wp-json\/wp\/v2\/users\/3"}],"replies":[{"embeddable":true,"href":"https:\/\/blogs.amarinha.gal\/ribadeando\/wp-json\/wp\/v2\/comments?post=7947"}],"version-history":[{"count":0,"href":"https:\/\/blogs.amarinha.gal\/ribadeando\/wp-json\/wp\/v2\/posts\/7947\/revisions"}],"wp:attachment":[{"href":"https:\/\/blogs.amarinha.gal\/ribadeando\/wp-json\/wp\/v2\/media?parent=7947"}],"wp:term":[{"taxonomy":"category","embeddable":true,"href":"https:\/\/blogs.amarinha.gal\/ribadeando\/wp-json\/wp\/v2\/categories?post=7947"},{"taxonomy":"post_tag","embeddable":true,"href":"https:\/\/blogs.amarinha.gal\/ribadeando\/wp-json\/wp\/v2\/tags?post=7947"}],"curies":[{"name":"wp","href":"https:\/\/api.w.org\/{rel}","templated":true}]}}