{"id":7946,"date":"2011-05-23T08:02:00","date_gmt":"2011-05-23T06:02:00","guid":{"rendered":""},"modified":"2024-11-12T14:45:21","modified_gmt":"2024-11-12T13:45:21","slug":"non-sei-o-que-fixeches-pero-sei-o-que","status":"publish","type":"post","link":"https:\/\/blogs.amarinha.gal\/ribadeando\/2011\/05\/23\/non-sei-o-que-fixeches-pero-sei-o-que\/","title":{"rendered":"Non sei o que fixeches, pero sei o que contribu\u00edches a facer"},"content":{"rendered":"<p>Aqu\u00ed, en Galicia e en Espa\u00f1a. Desastre do PSOE. Na veci\u00f1a Asturias, a pesares da irrupci\u00f3n de Cascos na contienda. Di a prensa que victoria do PP; coido que m\u00e1is ben, derrota do PSOE. Mentras, o movemento 15 de maio polo momento lembra que est\u00e1 vivo, e non se move. A cousa continuar\u00e1. Co teu voto ou a t\u00faa deserci\u00f3n das urnas, este \u00e9 o panorama  a nivel xeral. En Ribadeo, o resume de onte a noite da para un comentario longo. Unha cousa r\u00e1pida de primeira hora dunha ma\u00f1\u00e1 onde est\u00e1 a sa\u00edr o Sol <a href=\"http:\/\/ribadeando.blogspot.com\/2011\/05\/resume-de-datos-e-algunha-cousa-mais-6.html\">en Ribadeo<\/a> non da para moito m\u00e1is que para o que ser\u00eda unha charla de caf\u00e9, que haber\u00e1 que ir ampliando.<\/p>\n<p>En primeiro Lugar, unha resistencia de UPRi a sa\u00edr do esceario non logra evitar a s\u00faa ca\u00edda, a\u00ednda que por ser menor que a do PSOE, ase a ser a terceira forza po\u00edtica de Ribadeo. Tanto no pasado mandato como neste, por raz\u00f3ns diferentes, non logrou chegar a unha posici\u00f3n de bisagra, e a nivel xeral, a un partido independente, m\u00e1is se non ten unha certa estrutura interna, \u00e9lle dif\u00edcil acadar unha terceira vez representaci\u00f3n, segundo as estat\u00edsticas. E xa non se trata tanto do que fixo ou deixo de facer no mandato, sen\u00f3n de estruturarse para logar unha representaci\u00f3n.<\/p>\n<table cellpadding=\"0\" cellspacing=\"0\" class=\"tr-caption-container\" style=\"float: right; margin-left: 1em; text-align: right;\">\n<tbody>\n<tr>\n<td style=\"text-align: center;\"><a href=\"https:\/\/blogger.googleusercontent.com\/img\/b\/R29vZ2xl\/AVvXsEgKf-1Rk7skwyZufZ4hhrAmKUvmWADxb_I_EhF6L6KVTdlbofXlsA-K5vfZff4txrv27lLsVvoRlOf7VKvQT8lLF7K1xmA2KFQLIJbmUjTn-npvIqRdKJgErhmOKlK4S3-EJm6gSQ\/s2048\/grupos+politicos+municipais.jpg\" imageanchor=\"1\" style=\"clear: right; margin-bottom: 1em; margin-left: auto; margin-right: auto;\"><img loading=\"lazy\" decoding=\"async\" height=\"320\" src=\"https:\/\/blogger.googleusercontent.com\/img\/b\/R29vZ2xl\/AVvXsEgKf-1Rk7skwyZufZ4hhrAmKUvmWADxb_I_EhF6L6KVTdlbofXlsA-K5vfZff4txrv27lLsVvoRlOf7VKvQT8lLF7K1xmA2KFQLIJbmUjTn-npvIqRdKJgErhmOKlK4S3-EJm6gSQ\/s2048\/grupos+politicos+municipais.jpg\" width=\"240\" \/><\/a><\/td>\n<\/tr>\n<tr>\n<td class=\"tr-caption\" style=\"text-align: center;\">Cartel no concello <\/td>\n<\/tr>\n<\/tbody>\n<\/table>\n<p>En canto \u00f3 PSOE en Ribadeo, se deixamos a parte as primeiras elecci\u00f3n democr\u00e1ticas, que ser\u00eda unha especie de &#8216;proba&#8217;, o n\u00famero de votos acadado \u00e9 o menor da serie hist\u00f3rica. e coincide cunha baixada tm\u00e9n hist\u00f3rica de estar punto de conseguir o cuarto conceleiro (foi o partido m\u00e1is m\u00e9rxudicado polo reparto no pasado mandato en Ribadeo). E, por cousa da lei d&#8217;Hondt, obt\u00e9n a menor representaci\u00f3n que tivo en toda a democracia. S\u00f3 o cabeza de lista. Para reflexionar profundamente a importancia relativa das que parecen chamadas a ser as tres causas principais: a influenza da perda de rumbo socialista a nivel estatal, catro anos dunha actuaci\u00f3n deficiente no concello e unha presenza buscavotista en campa\u00f1a onde o candidato n\u00ba 1 pouco tivo que ver co resto da lista e cunha coherencia de ideas, na que est\u00e1 inclu\u00eddo tam\u00e9n o feito de que fora alcalde polo BNG. O resto da candidatura, inmaculado, pois non saiu a escea.<\/p>\n<p>O PP mant\u00e9nse no nivel da elecci\u00f3ns pasadas, m\u00e1is ben un pouqui\u00f1o por riba que por baixo, en contra do que parece indicar o n\u00famero de votantes, pois tam\u00e9n votou menos xente en total que nas pasadas elecci\u00f3ns. Coido que Manuel Val\u00edn non soubo separarse do PP anterior en Ribadeo nin a nivel nacional, e, o que noutros lugares pode ter sido un acerto, aqu\u00ed non parece telo sido. A posteriori, coido que hai un factor importante externo \u00e1s actuaci\u00f3ns e \u00e1 ideolox\u00eda: a foto de Val\u00edn que aparec\u00eda nos carteis non lle sumou puntos, e m\u00e1is ben lle restou.<\/p>\n<p>En canto \u00f3 BNG, coido que cando no m\u00edtin electoral Fern\u00e1ndo Su\u00e1rez dixo algo as\u00ed como &#8216;(&#8230;) e alg\u00fan tolo nos da sete concelleiros&#8217;, cre\u00eda que en realidade era unha toleada, a\u00ednda que fora ilusionante para o equipo. A toleada cumpriuse, acadando con diferenza o mellor resultado do BNG en Ribadeo, e logrando eses concelleiros m\u00e1is que estaba pedindo a berros dende hai moito tempo para facer cousas. Xa os ten, e agora ten o problema de como utilizalos. O resultado parece responder a un traballo e coherencia previos, supo\u00f1endo o mesmo para iste, algo a demostrar.<\/p>\n<p>Atr\u00e1s quedan a moci\u00f3n de censura que artellou pero non defendeu a oposici\u00f3n hai un ano, ou as acusaci\u00f3ns diversas \u00f3 equipo de goberno anterior, inclu\u00eddo o pacto PP-BNG e moitas outras cousas. Nace un novo d\u00eda en Ribadeo, con Sol, mentras que o fen\u00f3meno da Porta do Sol aqu\u00ed non se deixou sentir moito polo momento.<\/p>\n","protected":false},"excerpt":{"rendered":"<p>Aqu\u00ed, en Galicia e en Espa\u00f1a. Desastre do PSOE. Na veci\u00f1a Asturias, a pesares da irrupci\u00f3n de Cascos na contienda. Di a prensa que victoria do PP; coido que m\u00e1is ben, derrota do PSOE. Mentras, o movemento 15 de maio polo momento lembra que est\u00e1 vivo, e non se move. A cousa continuar\u00e1. Co teu [&hellip;]<\/p>\n","protected":false},"author":3,"featured_media":0,"comment_status":"open","ping_status":"closed","sticky":false,"template":"","format":"standard","meta":{"activitypub_content_warning":"","activitypub_content_visibility":"","activitypub_max_image_attachments":3,"activitypub_interaction_policy_quote":"anyone","activitypub_status":"federated","footnotes":""},"categories":[1],"tags":[133],"class_list":["post-7946","post","type-post","status-publish","format-standard","hentry","category-sen-categoria","tag-eleccions-2011"],"_links":{"self":[{"href":"https:\/\/blogs.amarinha.gal\/ribadeando\/wp-json\/wp\/v2\/posts\/7946","targetHints":{"allow":["GET"]}}],"collection":[{"href":"https:\/\/blogs.amarinha.gal\/ribadeando\/wp-json\/wp\/v2\/posts"}],"about":[{"href":"https:\/\/blogs.amarinha.gal\/ribadeando\/wp-json\/wp\/v2\/types\/post"}],"author":[{"embeddable":true,"href":"https:\/\/blogs.amarinha.gal\/ribadeando\/wp-json\/wp\/v2\/users\/3"}],"replies":[{"embeddable":true,"href":"https:\/\/blogs.amarinha.gal\/ribadeando\/wp-json\/wp\/v2\/comments?post=7946"}],"version-history":[{"count":0,"href":"https:\/\/blogs.amarinha.gal\/ribadeando\/wp-json\/wp\/v2\/posts\/7946\/revisions"}],"wp:attachment":[{"href":"https:\/\/blogs.amarinha.gal\/ribadeando\/wp-json\/wp\/v2\/media?parent=7946"}],"wp:term":[{"taxonomy":"category","embeddable":true,"href":"https:\/\/blogs.amarinha.gal\/ribadeando\/wp-json\/wp\/v2\/categories?post=7946"},{"taxonomy":"post_tag","embeddable":true,"href":"https:\/\/blogs.amarinha.gal\/ribadeando\/wp-json\/wp\/v2\/tags?post=7946"}],"curies":[{"name":"wp","href":"https:\/\/api.w.org\/{rel}","templated":true}]}}