{"id":7945,"date":"2011-05-24T08:38:00","date_gmt":"2011-05-24T06:38:00","guid":{"rendered":""},"modified":"2024-11-12T14:45:19","modified_gmt":"2024-11-12T13:45:19","slug":"flecos-electorais-e-lista-de","status":"publish","type":"post","link":"https:\/\/blogs.amarinha.gal\/ribadeando\/2011\/05\/24\/flecos-electorais-e-lista-de\/","title":{"rendered":"Flecos electorais e lista de concelleiros electos"},"content":{"rendered":"<p>Despois dunhas elecci\u00f3ns, sempre queda o facer xogo cos n\u00fameros resultantes. <a href=\"http:\/\/ribadeando.blogspot.com\/2011\/05\/resume-de-datos-e-algunha-cousa-mais-6.html\">Segundo as t\u00e1boas xa postas<\/a>, a maior\u00eda absoluta do BNG vese respaldada por 93 votos extra: con 2596 votos perder\u00eda o 7\u00ba concelleiro en favor de UPRi. Dun xeito alternativo, tam\u00e9n o perder\u00eda se estoutra formaci\u00f3n obtivera s\u00f3 28 votos m\u00e1is, 769. A lembrar de calquera xeito que os n\u00fameros son provisionais polo momento.<\/p>\n<p><a href=\"https:\/\/blogger.googleusercontent.com\/img\/b\/R29vZ2xl\/AVvXsEjmrHGGAPX-SVAkD-ukPaTWG6DnI-OZZFr_zlyyWzrbcXTvLjScZCnQrpk83y5hzDd-QgXxjLu59ulTL2MIU9pTwvzlOjyo_yggTldU7VY1x-U1Blrlk3jPzYL7Rpb6Pm1-6eYWlA\/s2048\/eleccions2011.1.jpg\" imageanchor=\"1\" style=\"margin-left: 1em; margin-right: 1em;\"><img loading=\"lazy\" decoding=\"async\" height=\"176\" src=\"https:\/\/blogger.googleusercontent.com\/img\/b\/R29vZ2xl\/AVvXsEjmrHGGAPX-SVAkD-ukPaTWG6DnI-OZZFr_zlyyWzrbcXTvLjScZCnQrpk83y5hzDd-QgXxjLu59ulTL2MIU9pTwvzlOjyo_yggTldU7VY1x-U1Blrlk3jPzYL7Rpb6Pm1-6eYWlA\/s2048\/eleccions2011.1.jpg\" width=\"640\" \/><\/a><\/p>\n<p>As\u00ed pois, por ista volta, o BNG \u00e9 o m\u00e1is beneficiado polo sistema d&#8217;Hondt, mentras a UPRi \u00e9 a m\u00e1is perxudicada. O PP queda case a pre co sistema e o PSOE tam\u00e9n se ve perxudicado nun 4,5%. A este respecto, cabe lembrar as cifras e votos sobre o total de electores, 31,4%, 20,98%, 8,66% e 8,58%,e remarcar que a pesares de non lograr nin a terceira parte dos votos posibles, s\u00f3 o BNG sobrepasa a porcentaxe de xente que se abstivo, algo meritorio porque non \u00e9 moi corrente.<\/p>\n<p>Despois dos <a href=\"http:\/\/ribadeando.blogspot.com\/2011\/05\/non-sei-o-que-fixeches-pero-sei-o-que.html\">comentarios xerais<\/a> de onte, com\u00e9ntase nos xornais que a diminuci\u00f3n de votos, e o aumento de porcentaxe de votantes d\u00e9bese a que a di\u00e1spora viu negado este ano o ter dereito a voto. As\u00ed, se non se vive aqu\u00ed, non se vota aqu\u00ed. Particularmente coido que o perxu\u00edzo en xeral foi para os partidos con m\u00e1is recursos e m\u00e1is grandes, os dous l\u00edderes a nivel estatal, se ben nas municipais quiz\u00e1is te\u00f1a menos impacto que poidera ter nas xerais.<\/p>\n<p>A lista de concelleiros electos quedar\u00eda, por orde de obtenci\u00f3n de cadeira:<\/p>\n<p>1.Fernando Su\u00e1rez Barcia (BNG)<\/p>\n<p>2.Manuel Val\u00edn Vald\u00e9s (PP)<\/p>\n<p>3.Mari Luz Alvarez Lastra (BNG)<\/p>\n<p>4.Manuel Y\u00e1\u00f1ez Dablanca (PP)<\/p>\n<p>5.Vicente Castro Reigosa (BNG)<\/p>\n<p>6.Francisco Rivas \u00c1lvarez (UPRi)<\/p>\n<p>7.Eduardo Guti\u00e9rrez Fern\u00e1ndez (PSOE)<\/p>\n<p>8.Ana Mar\u00eda Mart\u00ednez Fern\u00e1ndez (BNG)<\/p>\n<p>9.Azucena Gonz\u00e1lez Loredo (PP)<\/p>\n<p>10.Horacio Cupeiro Rodr\u00edguez (BNG)<\/p>\n<p>11.M\u00aa del Campo L\u00f3pez-Bra\u00f1a Freije (PP)<\/p>\n<p>12.Mar\u00eda Teresa Gonz\u00e1lez Pi\u00f1eiroa (BNG)<\/p>\n<p>13.Xavier Campos L\u00f3pez (BNG)<\/p>\n<p>Respecto \u00f3 anterior, hai que ter en conta que Eduardo Guti\u00e9rrez puxo a s\u00faa acta a disposici\u00f3n do PSOE, polo que \u00e9 posible que ocupe o seu sitio outra persoa da lista.<\/p>\n","protected":false},"excerpt":{"rendered":"<p>Despois dunhas elecci\u00f3ns, sempre queda o facer xogo cos n\u00fameros resultantes. Segundo as t\u00e1boas xa postas, a maior\u00eda absoluta do BNG vese respaldada por 93 votos extra: con 2596 votos perder\u00eda o 7\u00ba concelleiro en favor de UPRi. Dun xeito alternativo, tam\u00e9n o perder\u00eda se estoutra formaci\u00f3n obtivera s\u00f3 28 votos m\u00e1is, 769. A lembrar [&hellip;]<\/p>\n","protected":false},"author":3,"featured_media":0,"comment_status":"open","ping_status":"closed","sticky":false,"template":"","format":"standard","meta":{"activitypub_content_warning":"","activitypub_content_visibility":"","activitypub_max_image_attachments":3,"activitypub_interaction_policy_quote":"anyone","activitypub_status":"federated","footnotes":""},"categories":[1],"tags":[133],"class_list":["post-7945","post","type-post","status-publish","format-standard","hentry","category-sen-categoria","tag-eleccions-2011"],"_links":{"self":[{"href":"https:\/\/blogs.amarinha.gal\/ribadeando\/wp-json\/wp\/v2\/posts\/7945","targetHints":{"allow":["GET"]}}],"collection":[{"href":"https:\/\/blogs.amarinha.gal\/ribadeando\/wp-json\/wp\/v2\/posts"}],"about":[{"href":"https:\/\/blogs.amarinha.gal\/ribadeando\/wp-json\/wp\/v2\/types\/post"}],"author":[{"embeddable":true,"href":"https:\/\/blogs.amarinha.gal\/ribadeando\/wp-json\/wp\/v2\/users\/3"}],"replies":[{"embeddable":true,"href":"https:\/\/blogs.amarinha.gal\/ribadeando\/wp-json\/wp\/v2\/comments?post=7945"}],"version-history":[{"count":0,"href":"https:\/\/blogs.amarinha.gal\/ribadeando\/wp-json\/wp\/v2\/posts\/7945\/revisions"}],"wp:attachment":[{"href":"https:\/\/blogs.amarinha.gal\/ribadeando\/wp-json\/wp\/v2\/media?parent=7945"}],"wp:term":[{"taxonomy":"category","embeddable":true,"href":"https:\/\/blogs.amarinha.gal\/ribadeando\/wp-json\/wp\/v2\/categories?post=7945"},{"taxonomy":"post_tag","embeddable":true,"href":"https:\/\/blogs.amarinha.gal\/ribadeando\/wp-json\/wp\/v2\/tags?post=7945"}],"curies":[{"name":"wp","href":"https:\/\/api.w.org\/{rel}","templated":true}]}}