{"id":7944,"date":"2011-05-24T23:19:00","date_gmt":"2011-05-24T21:19:00","guid":{"rendered":""},"modified":"2024-11-12T14:45:18","modified_gmt":"2024-11-12T13:45:18","slug":"distribucion-de-votos-nas-parroquias","status":"publish","type":"post","link":"https:\/\/blogs.amarinha.gal\/ribadeando\/2011\/05\/24\/distribucion-de-votos-nas-parroquias\/","title":{"rendered":"Distribuci\u00f3n de votos nas parroquias"},"content":{"rendered":"<p><a href=\"https:\/\/blogger.googleusercontent.com\/img\/b\/R29vZ2xl\/AVvXsEiFWuG-damfX-CCe8tXmR4cpskvog80xko-Hh1Y5FVzAh7vKUeEMj-OmL1Z7aMRzUMUYwSKLPT5g2CFtv8kFqzHnF0EoY2i6OQHlK5D-PZokqfHdsXBJlDf6amvCJJgRy2nEJdTtg\/s2048\/eleccions+2011+parroquias.jpg\" imageanchor=\"1\" style=\"margin-left: 1em; margin-right: 1em;\"><img loading=\"lazy\" decoding=\"async\" height=\"370\" src=\"https:\/\/blogger.googleusercontent.com\/img\/b\/R29vZ2xl\/AVvXsEiFWuG-damfX-CCe8tXmR4cpskvog80xko-Hh1Y5FVzAh7vKUeEMj-OmL1Z7aMRzUMUYwSKLPT5g2CFtv8kFqzHnF0EoY2i6OQHlK5D-PZokqfHdsXBJlDf6amvCJJgRy2nEJdTtg\/s2048\/eleccions+2011+parroquias.jpg\" width=\"640\" \/><\/a><\/p>\n<p>Antes de nada unha nota: Os n\u00fameros que me pasaron non coinciden cos provisionais, por pequenas diferenzas, no BNG e na UPRi. Como as diferenzas non son representativas, faigo o gr\u00e1fico con istes datos detallados.<\/p>\n<p>A t\u00e1boa manifesta que o BNG ganou en t\u00f3dalas mesas exepto na A do cine-teatro, que foi para o PP.<\/p>\n<p>En resumo xeral, o BNG obtivo mellores resultados na zona rural, UPRi equilibrou as d\u00faas zonas e PP e PSOE tiveron mellores resultados na vila.<\/p>\n<p><a href=\"https:\/\/blogger.googleusercontent.com\/img\/b\/R29vZ2xl\/AVvXsEg1sbIDpM2QdTfTGzyOiqJVavoTXHxWa5AAPdCg-6kjPZmCDpFEEQaeXQikjB9PBg6YZNBIbtQh6YuHbHVcd3gd8O1jpt_Y7JykWC81_iWAsVmOzc5AqXjHLg_UUTTuBmelcMGXTQ\/s2048\/eleccions+2011+parroquias+graf.jpg\" imageanchor=\"1\" style=\"margin-left: 1em; margin-right: 1em;\"><img loading=\"lazy\" decoding=\"async\" height=\"640\" src=\"https:\/\/blogger.googleusercontent.com\/img\/b\/R29vZ2xl\/AVvXsEg1sbIDpM2QdTfTGzyOiqJVavoTXHxWa5AAPdCg-6kjPZmCDpFEEQaeXQikjB9PBg6YZNBIbtQh6YuHbHVcd3gd8O1jpt_Y7JykWC81_iWAsVmOzc5AqXjHLg_UUTTuBmelcMGXTQ\/s2048\/eleccions+2011+parroquias+graf.jpg\" width=\"488\" \/><\/a><\/p>\n","protected":false},"excerpt":{"rendered":"<p>Antes de nada unha nota: Os n\u00fameros que me pasaron non coinciden cos provisionais, por pequenas diferenzas, no BNG e na UPRi. Como as diferenzas non son representativas, faigo o gr\u00e1fico con istes datos detallados. A t\u00e1boa manifesta que o BNG ganou en t\u00f3dalas mesas exepto na A do cine-teatro, que foi para o PP. [&hellip;]<\/p>\n","protected":false},"author":3,"featured_media":0,"comment_status":"open","ping_status":"closed","sticky":false,"template":"","format":"standard","meta":{"activitypub_content_warning":"","activitypub_content_visibility":"","activitypub_max_image_attachments":3,"activitypub_interaction_policy_quote":"anyone","activitypub_status":"federated","footnotes":""},"categories":[1],"tags":[133],"class_list":["post-7944","post","type-post","status-publish","format-standard","hentry","category-sen-categoria","tag-eleccions-2011"],"_links":{"self":[{"href":"https:\/\/blogs.amarinha.gal\/ribadeando\/wp-json\/wp\/v2\/posts\/7944","targetHints":{"allow":["GET"]}}],"collection":[{"href":"https:\/\/blogs.amarinha.gal\/ribadeando\/wp-json\/wp\/v2\/posts"}],"about":[{"href":"https:\/\/blogs.amarinha.gal\/ribadeando\/wp-json\/wp\/v2\/types\/post"}],"author":[{"embeddable":true,"href":"https:\/\/blogs.amarinha.gal\/ribadeando\/wp-json\/wp\/v2\/users\/3"}],"replies":[{"embeddable":true,"href":"https:\/\/blogs.amarinha.gal\/ribadeando\/wp-json\/wp\/v2\/comments?post=7944"}],"version-history":[{"count":0,"href":"https:\/\/blogs.amarinha.gal\/ribadeando\/wp-json\/wp\/v2\/posts\/7944\/revisions"}],"wp:attachment":[{"href":"https:\/\/blogs.amarinha.gal\/ribadeando\/wp-json\/wp\/v2\/media?parent=7944"}],"wp:term":[{"taxonomy":"category","embeddable":true,"href":"https:\/\/blogs.amarinha.gal\/ribadeando\/wp-json\/wp\/v2\/categories?post=7944"},{"taxonomy":"post_tag","embeddable":true,"href":"https:\/\/blogs.amarinha.gal\/ribadeando\/wp-json\/wp\/v2\/tags?post=7944"}],"curies":[{"name":"wp","href":"https:\/\/api.w.org\/{rel}","templated":true}]}}