{"id":7925,"date":"2011-06-07T07:47:00","date_gmt":"2011-06-07T05:47:00","guid":{"rendered":""},"modified":"2024-11-12T14:44:42","modified_gmt":"2024-11-12T13:44:42","slug":"la-vida-sigue-igual","status":"publish","type":"post","link":"https:\/\/blogs.amarinha.gal\/ribadeando\/2011\/06\/07\/la-vida-sigue-igual\/","title":{"rendered":"La vida sigue igual &#8230;"},"content":{"rendered":"<p>Non hai cambios. As\u00ed o decidiu a executiva do PSOE en Ribadeo. Todo seguir\u00e1 igual que no tempo anterior, que levou \u00f3 PSOE ribadense de 4 a 3 e agora a 1 concelleiro.<\/p>\n<p>As\u00ed falan nos medios hoxe, de continuidade. E de autocr\u00edtica, a\u00ednda que <a href=\"http:\/\/www.lavozdegalicia.es\/amarina\/2011\/06\/07\/0003_201106X7C8991.htm\">o que aparece nos xornais non sexa tal<\/a>. A refundaci\u00f3n local queda para outra. En canto \u00e1s ideas, non se expo\u00f1en.<\/p>\n<p>Mentras, imos descubrindo noutro lugar o <a href=\"http:\/\/www.elpais.com\/articulo\/Galicia\/azar\/vota\/PP\/Os\/Blancos\/elpepuespgal\/20110607elpgal_6\/Tes\">m\u00e9todo fet\u00e9n das elecci\u00f3ns: o azar<\/a>.<\/p>\n<p>Queda para o s\u00e1bado a constituci\u00f3n do novo pleno. A declaraci\u00f3n de rexistro de intereses dos concelleiros, aprobada no \u00faltimo pleno do anterior mandato, non sei cando ten que darse, se antes ou despois.<\/p>\n","protected":false},"excerpt":{"rendered":"<p>Non hai cambios. As\u00ed o decidiu a executiva do PSOE en Ribadeo. Todo seguir\u00e1 igual que no tempo anterior, que levou \u00f3 PSOE ribadense de 4 a 3 e agora a 1 concelleiro. As\u00ed falan nos medios hoxe, de continuidade. E de autocr\u00edtica, a\u00ednda que o que aparece nos xornais non sexa tal. A refundaci\u00f3n [&hellip;]<\/p>\n","protected":false},"author":3,"featured_media":0,"comment_status":"open","ping_status":"closed","sticky":false,"template":"","format":"standard","meta":{"activitypub_content_warning":"","activitypub_content_visibility":"","activitypub_max_image_attachments":3,"activitypub_interaction_policy_quote":"anyone","activitypub_status":"federated","footnotes":""},"categories":[1],"tags":[133],"class_list":["post-7925","post","type-post","status-publish","format-standard","hentry","category-sen-categoria","tag-eleccions-2011"],"_links":{"self":[{"href":"https:\/\/blogs.amarinha.gal\/ribadeando\/wp-json\/wp\/v2\/posts\/7925","targetHints":{"allow":["GET"]}}],"collection":[{"href":"https:\/\/blogs.amarinha.gal\/ribadeando\/wp-json\/wp\/v2\/posts"}],"about":[{"href":"https:\/\/blogs.amarinha.gal\/ribadeando\/wp-json\/wp\/v2\/types\/post"}],"author":[{"embeddable":true,"href":"https:\/\/blogs.amarinha.gal\/ribadeando\/wp-json\/wp\/v2\/users\/3"}],"replies":[{"embeddable":true,"href":"https:\/\/blogs.amarinha.gal\/ribadeando\/wp-json\/wp\/v2\/comments?post=7925"}],"version-history":[{"count":0,"href":"https:\/\/blogs.amarinha.gal\/ribadeando\/wp-json\/wp\/v2\/posts\/7925\/revisions"}],"wp:attachment":[{"href":"https:\/\/blogs.amarinha.gal\/ribadeando\/wp-json\/wp\/v2\/media?parent=7925"}],"wp:term":[{"taxonomy":"category","embeddable":true,"href":"https:\/\/blogs.amarinha.gal\/ribadeando\/wp-json\/wp\/v2\/categories?post=7925"},{"taxonomy":"post_tag","embeddable":true,"href":"https:\/\/blogs.amarinha.gal\/ribadeando\/wp-json\/wp\/v2\/tags?post=7925"}],"curies":[{"name":"wp","href":"https:\/\/api.w.org\/{rel}","templated":true}]}}