{"id":7923,"date":"2011-06-07T23:08:00","date_gmt":"2011-06-07T21:08:00","guid":{"rendered":""},"modified":"2024-11-12T14:44:39","modified_gmt":"2024-11-12T13:44:39","slug":"sinais-de-cambio","status":"publish","type":"post","link":"https:\/\/blogs.amarinha.gal\/ribadeando\/2011\/06\/07\/sinais-de-cambio\/","title":{"rendered":"Sinais de cambio?"},"content":{"rendered":"<p>Despois de longo tempo pedindo que se publiquen na web, que se de ampla difusi\u00f3n \u00f3s plenos, tanto antes (para favorecer a asistencia) como despois (para enterar&nbsp; cidadan\u00eda), aparece un pleno claramente <a href=\"http:\/\/www.ribadeo.org\/eadministracion\/aviso.php?id=189&amp;lg=gal\">difundido na p\u00e1xina web do concello de Ribadeo<\/a>:<\/p>\n<p>&#8212;<\/p>\n<p>Ese d\u00eda quedar\u00e1 constitu\u00edda a nova corporaci\u00f3n:<\/p>\n<p>Pleno o s\u00e1bado<\/p>\n<p>O vindeiro s\u00e1bado \u00e1s 12 da ma\u00f1\u00e1 ter\u00e1 lugar no sal\u00f3n de plenos do Concello a constituci\u00f3n da nova Corporaci\u00f3n Municipal e a investidura de Fernando Su\u00e1rez Barcia como alcalde de Ribadeo.<\/p>\n<p>O rexedor en funci\u00f3ns convida &#8220;\u00e1 cidadan\u00eda a acudir a este acto democr\u00e1tico que se desenvolver\u00e1 o vindeiro 11 de xu\u00f1o&#8221;. Fernando Su\u00e1rez lembra que &#8220;os plenos son p\u00fablicos e polo tanto todo o que o desexe pode asistir sempre que queira&#8221;.<\/p>\n<p>&#8212;<\/p>\n<p>&#8230; e dase a circunstancia de que ese pleno non necesita difusi\u00f3n de orde do d\u00eda, por ser monotem\u00e1tico.<\/p>\n","protected":false},"excerpt":{"rendered":"<p>Despois de longo tempo pedindo que se publiquen na web, que se de ampla difusi\u00f3n \u00f3s plenos, tanto antes (para favorecer a asistencia) como despois (para enterar&nbsp; cidadan\u00eda), aparece un pleno claramente difundido na p\u00e1xina web do concello de Ribadeo: &#8212; Ese d\u00eda quedar\u00e1 constitu\u00edda a nova corporaci\u00f3n: Pleno o s\u00e1bado O vindeiro s\u00e1bado \u00e1s [&hellip;]<\/p>\n","protected":false},"author":3,"featured_media":0,"comment_status":"open","ping_status":"closed","sticky":false,"template":"","format":"standard","meta":{"activitypub_content_warning":"","activitypub_content_visibility":"","activitypub_max_image_attachments":3,"activitypub_interaction_policy_quote":"anyone","activitypub_status":"federated","footnotes":""},"categories":[1],"tags":[13],"class_list":["post-7923","post","type-post","status-publish","format-standard","hentry","category-sen-categoria","tag-politica"],"_links":{"self":[{"href":"https:\/\/blogs.amarinha.gal\/ribadeando\/wp-json\/wp\/v2\/posts\/7923","targetHints":{"allow":["GET"]}}],"collection":[{"href":"https:\/\/blogs.amarinha.gal\/ribadeando\/wp-json\/wp\/v2\/posts"}],"about":[{"href":"https:\/\/blogs.amarinha.gal\/ribadeando\/wp-json\/wp\/v2\/types\/post"}],"author":[{"embeddable":true,"href":"https:\/\/blogs.amarinha.gal\/ribadeando\/wp-json\/wp\/v2\/users\/3"}],"replies":[{"embeddable":true,"href":"https:\/\/blogs.amarinha.gal\/ribadeando\/wp-json\/wp\/v2\/comments?post=7923"}],"version-history":[{"count":0,"href":"https:\/\/blogs.amarinha.gal\/ribadeando\/wp-json\/wp\/v2\/posts\/7923\/revisions"}],"wp:attachment":[{"href":"https:\/\/blogs.amarinha.gal\/ribadeando\/wp-json\/wp\/v2\/media?parent=7923"}],"wp:term":[{"taxonomy":"category","embeddable":true,"href":"https:\/\/blogs.amarinha.gal\/ribadeando\/wp-json\/wp\/v2\/categories?post=7923"},{"taxonomy":"post_tag","embeddable":true,"href":"https:\/\/blogs.amarinha.gal\/ribadeando\/wp-json\/wp\/v2\/tags?post=7923"}],"curies":[{"name":"wp","href":"https:\/\/api.w.org\/{rel}","templated":true}]}}