{"id":7921,"date":"2011-06-09T23:13:00","date_gmt":"2011-06-09T21:13:00","guid":{"rendered":""},"modified":"2024-11-12T14:44:30","modified_gmt":"2024-11-12T13:44:30","slug":"parte-de-algo-mais-longo","status":"publish","type":"post","link":"https:\/\/blogs.amarinha.gal\/ribadeando\/2011\/06\/09\/parte-de-algo-mais-longo\/","title":{"rendered":"Parte de algo m\u00e1is longo"},"content":{"rendered":"<p>Como continuaci\u00f3n da entrada sobre a <a href=\"http:\/\/ribadeando.blogspot.com\/2011\/06\/asamblea-cidada-da-marina-e-occidente.html\">asamblea cidad\u00e1 celebrada o pasado s\u00e1bado en A Caridade<\/a>, chegoume diverso material. Entre o que chegou collo d\u00faas cousas para darlles difusi\u00f3n e achegar as ideas do momento, dun movemento que na zona, est\u00e1 en pa\u00f1ais: a carta-tipo a presentar \u00e1s novas corporaci\u00f3ns e un grupo de reivindicaci\u00f3ns. A continuaci\u00f3n, ambas cousas:<\/p>\n<p>&#8211;<\/p>\n<p>La asamblea ciudadana da mari\u00f1a lucense y el occidente asturiano formamos voluntariamente parte del movimiento 15 o movimiento de los indignados por los d\u00e9ficits democr\u00e1ticos y la precariedad de una ecom\u00eda provocada por pol\u00edticas antisociales. No tenemos nombre, salvo la citada definici\u00f3n.<\/p>\n<p>Con la entrega de este texto, queremos recordar a los gobernantes locales entrantes de nuestros municipios, que operen bajo los principios de una democracia efectiva y sensata, con participaci\u00f3n ciudadana, y defendiendo los intereses de la poblaci\u00f3n para la que han sido elegidos. <\/p>\n<p>Les remitimos reivindicaciones de car\u00e1cter municipal que queremos que todas las nuevas corporaciones tengan en cuenta:<\/p>\n<p>-Que los ayuntamientos dufindan suficientemente la fecha de cada pleno<\/p>\n<p>-Que los plenos roten por los pueblos de cada municipio <\/p>\n<p>-Que tengan lugar por las tardes para que puedan asistir todas las personas que lo deseen<\/p>\n<p>-Que permitan m\u00e1s plenos abiertos y participativos<\/p>\n<p>-Que coloquen buzones de sugerencias que sean tenidas en cuenta, y hagan consultas populares para que cuente la opini\u00f3n de la ciudadan\u00eda<\/p>\n<p>&#8211; <\/p>\n<p>M\u00e1s abajo a\u00f1adimos los 8 puntos de propuestas b\u00e1sicas lanzadas antes del 15m publicadas en la web del grupo Democracia real ya!, puntos los cuales, sin ser ni dejar de ser nosotr@s parte de un grupo u otro, hicimos nuestros en nuestra primera asamblea, y sobre los cuales queremos recordar a los gobernantes locales entrantes deber\u00eda estar basada una pol\u00edtica justa y una democracia m\u00e1s sensata.<\/p>\n<p>1. ELIMINACI\u00d3N DE LOS PRIVILEGIOS DE LA CLASE POL\u00cdTICA:<\/p>\n<p>Control estricto del absentismo de los cargos electos en sus respectivos puestos. Sanciones espec\u00edficas por dejaci\u00f3n de funciones.<\/p>\n<p>Supresi\u00f3n de\u00a0los privilegios en el pago de impuestos, los a\u00f1os de cotizaci\u00f3n y el monto de las pensiones. Equiparaci\u00f3n del salario de los representantes electos al salario medio espa\u00f1ol m\u00e1s las dietas necesarias indispensables para el ejercicio de sus funciones.<\/p>\n<p>Eliminaci\u00f3n de la inmunidad asociada al cargo. Imprescriptibilidad de los delitos de corrupci\u00f3n.<\/p>\n<p>Publicaci\u00f3n obligatoria del patrimonio de todos los cargos p\u00fablicos.<\/p>\n<p>reducci\u00f3n de los cargos de libre designaci\u00f3n.<\/p>\n<p>2. CONTRA EL DESEMPLEO:<\/p>\n<p>Reparto del trabajo fomentando las reducciones de jornada y la conciliaci\u00f3n laboral hasta acabar con el desempleo estructural (es decir, hasta que el desempleo descienda por debajo del 5%).<\/p>\n<p>Jubilaci\u00f3n a los 65 y ning\u00fan\u00a0aumento de la edad de jubilaci\u00f3n hasta acabar con el desempleo juvenil.<\/p>\n<p>Bonificaciones para aquellas empresas con menos de un 10% de contrataci\u00f3n temporal.<\/p>\n<p>Seguridad en el empleo: imposibilidad de despidos colectivos o por causas objetivas en las grandes empresas mientras haya beneficios, fiscalizaci\u00f3n a las grandes empresas para asegurar que no cubren con trabajadores temporales empleos que podr\u00edan ser fijos.<\/p>\n<p>Restablecimiento del subsidio de 426\u20ac\u00a0para\u00a0todos los parados de larga duraci\u00f3n.<\/p>\n<p>3. DERECHO A LA VIVIENDA:<\/p>\n<p>Expropiaci\u00f3n por el Estado de las viviendas construidas en stock que no se han vendido para colocarlas en el mercado en r\u00e9gimen de alquiler protegido.<\/p>\n<p>Ayudas al alquiler para j\u00f3venes y todas aquellas personas de bajos recursos.<\/p>\n<p>Que se permita la daci\u00f3n en pago de las viviendas para cancelar las hipotecas.<\/p>\n<p>4.\u00a0SERVICIOS P\u00daBLICOS DE CALIDAD:<\/p>\n<p>Supresi\u00f3n de gastos in\u00fatiles en las Administraciones P\u00fablicas y establecimiento de\u00a0un control independiente de presupuestos y gastos.<\/p>\n<p>Contrataci\u00f3n de personal sanitario hasta acabar con las listas de espera.<\/p>\n<p>Contrataci\u00f3n de profesorado para garantizar la ratio de alumnos por aula, los grupos de desdoble y los grupos de apoyo.<\/p>\n<p>Reducci\u00f3n del\u00a0coste de matr\u00edcula en toda la educaci\u00f3n universitaria, equiparando el precio de los posgrados al de los grados.<\/p>\n<p>Financiaci\u00f3n p\u00fablica de la investigaci\u00f3n para garantizar su independencia.<\/p>\n<p>Transporte p\u00fablico barato, de calidad y ecol\u00f3gicamente sostenible: restablecimiento de los trenes que se est\u00e1n sustituyendo por el AVE con los precios originarios, abaratamiento de los abonos de transporte, restricci\u00f3n del tr\u00e1fico rodado privado en el centro de las ciudades, construcci\u00f3n de carriles bici.<\/p>\n<p>Recursos sociales locales: aplicaci\u00f3n efectiva de la Ley de Dependencia, redes de cuidadores locales municipales, servicios locales de mediaci\u00f3n y tutelaje.<\/p>\n<p>5. CONTROL DE LAS ENTIDADES BANCARIAS:<\/p>\n<p>Prohibici\u00f3n de cualquier tipo de rescate o inyecci\u00f3n de capital a entidades bancarias: aquellas entidades en dificultades deben quebrar o ser nacionalizadas para constituir una banca p\u00fablica bajo control social.<\/p>\n<p>Elevaci\u00f3n de los impuestos a la banca de manera directamente proporcional al gasto social ocasionado por la crisis generada por su mala gesti\u00f3n.<\/p>\n<p>Devoluci\u00f3n a las arcas p\u00fablicas por parte de los bancos de todo capital p\u00fablico aportado.<\/p>\n<p>Prohibici\u00f3n de inversi\u00f3n de bancos espa\u00f1oles en para\u00edsos fiscales.<\/p>\n<p>Regulaci\u00f3n de sanciones a los movimientos especulativos y a la mala praxis bancaria.<\/p>\n<p>6. FISCALIDAD:<\/p>\n<p>Aumento del tipo impositivo a las grandes fortunas y entidades bancarias.<\/p>\n<p>Eliminaci\u00f3n de las SICAV.<\/p>\n<p>Recuperaci\u00f3n del Impuesto sobre el Patrimonio.<\/p>\n<p>Control real y efectivo del fraude fiscal y de la fuga de capitales a para\u00edsos fiscales.<\/p>\n<p>Promoci\u00f3n a nivel internacional de la adopci\u00f3n de una tasa a las transacciones internacionales (tasa Tobin).<\/p>\n<p>7. LIBERTADES CIUDADANAS Y DEMOCRACIA PARTICIPATIVA:<\/p>\n<p>No al control de internet. Abolici\u00f3n de la Ley Sinde.<\/p>\n<p>Protecci\u00f3n de la libertad de informaci\u00f3n y del periodismo de investigaci\u00f3n.<\/p>\n<p>Refer\u00e9ndums obligatorios y vinculantes para las cuestiones de gran calado que modifican las condiciones de vida de los ciudadanos.<\/p>\n<p>Refer\u00e9ndums obligatorios para toda introducci\u00f3n de medidas dictadas desde la Uni\u00f3n Europea.<\/p>\n<p>Modificaci\u00f3n de la Ley Electoral para garantizar un sistema aut\u00e9nticamente representativo y proporcional que no discrimine a ninguna fuerza pol\u00edtica ni voluntad social, donde el voto en blanco y el voto nulo tambi\u00e9n tengan su representaci\u00f3n en el legislativo.<\/p>\n<p>Independencia del Poder Judicial: reforma de la figura del Ministerio Fiscal para garantizar su independencia, no al nombramiento de miembros del Tribunal Constitucional y del Consejo General del Poder Judicial por parte del Poder Ejecutivo.<\/p>\n<p>Establecimiento de mecanismos efectivos que garanticen la democracia interna en los partidos pol\u00edticos.<\/p>\n<p>8. REDUCCI\u00d3N DEL GASTO MILITAR<\/p>\n","protected":false},"excerpt":{"rendered":"<p>Como continuaci\u00f3n da entrada sobre a asamblea cidad\u00e1 celebrada o pasado s\u00e1bado en A Caridade, chegoume diverso material. Entre o que chegou collo d\u00faas cousas para darlles difusi\u00f3n e achegar as ideas do momento, dun movemento que na zona, est\u00e1 en pa\u00f1ais: a carta-tipo a presentar \u00e1s novas corporaci\u00f3ns e un grupo de reivindicaci\u00f3ns. A [&hellip;]<\/p>\n","protected":false},"author":3,"featured_media":0,"comment_status":"open","ping_status":"closed","sticky":false,"template":"","format":"standard","meta":{"activitypub_content_warning":"","activitypub_content_visibility":"","activitypub_max_image_attachments":3,"activitypub_interaction_policy_quote":"anyone","activitypub_status":"federate","footnotes":""},"categories":[1],"tags":[102,13],"class_list":["post-7921","post","type-post","status-publish","format-standard","hentry","category-sen-categoria","tag-15m","tag-politica"],"_links":{"self":[{"href":"https:\/\/blogs.amarinha.gal\/ribadeando\/wp-json\/wp\/v2\/posts\/7921","targetHints":{"allow":["GET"]}}],"collection":[{"href":"https:\/\/blogs.amarinha.gal\/ribadeando\/wp-json\/wp\/v2\/posts"}],"about":[{"href":"https:\/\/blogs.amarinha.gal\/ribadeando\/wp-json\/wp\/v2\/types\/post"}],"author":[{"embeddable":true,"href":"https:\/\/blogs.amarinha.gal\/ribadeando\/wp-json\/wp\/v2\/users\/3"}],"replies":[{"embeddable":true,"href":"https:\/\/blogs.amarinha.gal\/ribadeando\/wp-json\/wp\/v2\/comments?post=7921"}],"version-history":[{"count":0,"href":"https:\/\/blogs.amarinha.gal\/ribadeando\/wp-json\/wp\/v2\/posts\/7921\/revisions"}],"wp:attachment":[{"href":"https:\/\/blogs.amarinha.gal\/ribadeando\/wp-json\/wp\/v2\/media?parent=7921"}],"wp:term":[{"taxonomy":"category","embeddable":true,"href":"https:\/\/blogs.amarinha.gal\/ribadeando\/wp-json\/wp\/v2\/categories?post=7921"},{"taxonomy":"post_tag","embeddable":true,"href":"https:\/\/blogs.amarinha.gal\/ribadeando\/wp-json\/wp\/v2\/tags?post=7921"}],"curies":[{"name":"wp","href":"https:\/\/api.w.org\/{rel}","templated":true}]}}